{"id":38802,"date":"2026-03-04T19:29:30","date_gmt":"2026-03-04T22:29:30","guid":{"rendered":"https:\/\/radionewsmisiones.ar\/site\/?p=38802"},"modified":"2026-03-04T19:29:35","modified_gmt":"2026-03-04T22:29:35","slug":"el-renatre-aumento-la-prestacion-por-desempleo-a-partir-de-marzo-y-alcanza-los-367-600","status":"publish","type":"post","link":"https:\/\/radionewsmisiones.ar\/site\/provinciales\/el-renatre-aumento-la-prestacion-por-desempleo-a-partir-de-marzo-y-alcanza-los-367-600\/","title":{"rendered":"El RENATRE aument\u00f3 la Prestaci\u00f3n por Desempleo a partir de marzo y alcanza los $367.600"},"content":{"rendered":"\n<p>El Registro Nacional de Trabajadores Rurales y Empleadores (RENATRE) dispuso una nueva actualizaci\u00f3n en los montos de la Prestaci\u00f3n por Desempleo, que entr\u00f3 en vigencia a partir del 1\u00b0 de marzo del corriente. La medida, que establece un incremento del 3% sobre el beneficio ordinario del Sistema Integral de Prestaciones por Desempleo, permitir\u00e1 que las personas trabajadoras rurales que se encuentran bajo esta cobertura perciban el aumento desde el inicio del cronograma de pagos, previsto para el jueves 5 de marzo.<\/p>\n\n\n\n<p>La decisi\u00f3n fue adoptada por el Cuerpo Directivo del organismo en su reuni\u00f3n del pasado 25 de febrero, donde se vio la necesidad de aumentar los beneficios destinados a trabajadores y trabajadoras que se encuentran en una situaci\u00f3n de desempleo.<\/p>\n\n\n\n<p>Con esta actualizaci\u00f3n, el monto m\u00e1ximo de la prestaci\u00f3n pasar\u00e1 a ser de $367.602, mientras que el m\u00ednimo se ubicar\u00e1 en $183.801.<br>\u201cEste nuevo incremento busca preservar el poder adquisitivo del beneficio y garantizar que el piso de asistencia siga siendo un respaldo efectivo para el trabajador rural durante su situaci\u00f3n de desempleo\u201d, afirm\u00f3 el presidente del RENATRE, Abel Guerrieri.<\/p>\n\n\n\n<p>\u201cLa actualizaci\u00f3n del monto refuerza el acompa\u00f1amiento econ\u00f3mico y consolida nuestro compromiso con la protecci\u00f3n social de las familias rurales\u201d, expres\u00f3 el director del organismo, Jos\u00e9 Voytenco<\/p>\n\n\n\n<p>Adem\u00e1s de la asignaci\u00f3n mensual, la Prestaci\u00f3n por Desempleo brinda una cobertura integral que incluye asistencia m\u00e9dica a trav\u00e9s de la obra social OSPRERA, el cobro de asignaciones familiares y seguro de sepelio. En este marco, el organismo lanz\u00f3 el Programa de Empleo Rural (PER)., un servicio gratuito que est\u00e1 dirigido a empresas rurales registradas en el organismo que requieran cubrir puestos de trabajo y fortalecer las capacidades de sus equipos. En una primera etapa, est\u00e1 orientado a personas trabajadoras rurales beneficiarias del Sistema Integral de Prestaciones por Desempleo (SIPRED). De esta manera, se facilita la intermediaci\u00f3n laboral a trav\u00e9s del RENATRE, brindando a los empleadores personal id\u00f3neo para cubrir sus vacantes y a los trabajadores y trabajadoras rurales el acompa\u00f1amiento efectivo durante el proceso de b\u00fasqueda de empleo.<\/p>\n\n\n\n<p>Con esta nueva actualizaci\u00f3n, el RENATRE consolida su rol como pilar de la seguridad social rural, mejorando sus beneficios para acompa\u00f1ar a las y los trabajadores en situaciones de vulnerabilidad laboral.<br>Para conocer m\u00e1s sobre las acciones, programas y servicios del Registro, ingresar a www.renatre.org.ar y seguir las redes sociales oficiales @renatreinforma.<\/p>\n\n\n\n<p><\/p>\n","protected":false},"excerpt":{"rendered":"<p>El Registro Nacional de Trabajadores Rurales y Empleadores (RENATRE) dispuso una nueva actualizaci&oacute;n en los montos de la Prestaci&oacute;n por Desempleo, que entr&oacute; en vigencia a partir del 1&deg; de&hellip; <\/p>\n","protected":false},"author":4,"featured_media":38803,"comment_status":"closed","ping_status":"closed","sticky":false,"template":"","format":"standard","meta":{"_monsterinsights_skip_tracking":false,"_monsterinsights_sitenote_active":false,"_monsterinsights_sitenote_note":"","_monsterinsights_sitenote_category":0},"categories":[3],"tags":[],"aioseo_notices":[],"_links":{"self":[{"href":"https:\/\/radionewsmisiones.ar\/site\/wp-json\/wp\/v2\/posts\/38802"}],"collection":[{"href":"https:\/\/radionewsmisiones.ar\/site\/wp-json\/wp\/v2\/posts"}],"about":[{"href":"https:\/\/radionewsmisiones.ar\/site\/wp-json\/wp\/v2\/types\/post"}],"author":[{"embeddable":true,"href":"https:\/\/radionewsmisiones.ar\/site\/wp-json\/wp\/v2\/users\/4"}],"replies":[{"embeddable":true,"href":"https:\/\/radionewsmisiones.ar\/site\/wp-json\/wp\/v2\/comments?post=38802"}],"version-history":[{"count":1,"href":"https:\/\/radionewsmisiones.ar\/site\/wp-json\/wp\/v2\/posts\/38802\/revisions"}],"predecessor-version":[{"id":38804,"href":"https:\/\/radionewsmisiones.ar\/site\/wp-json\/wp\/v2\/posts\/38802\/revisions\/38804"}],"wp:featuredmedia":[{"embeddable":true,"href":"https:\/\/radionewsmisiones.ar\/site\/wp-json\/wp\/v2\/media\/38803"}],"wp:attachment":[{"href":"https:\/\/radionewsmisiones.ar\/site\/wp-json\/wp\/v2\/media?parent=38802"}],"wp:term":[{"taxonomy":"category","embeddable":true,"href":"https:\/\/radionewsmisiones.ar\/site\/wp-json\/wp\/v2\/categories?post=38802"},{"taxonomy":"post_tag","embeddable":true,"href":"https:\/\/radionewsmisiones.ar\/site\/wp-json\/wp\/v2\/tags?post=38802"}],"curies":[{"name":"wp","href":"https:\/\/api.w.org\/{rel}","templated":true}]}}