{"id":38813,"date":"2026-03-05T13:45:08","date_gmt":"2026-03-05T16:45:08","guid":{"rendered":"https:\/\/radionewsmisiones.ar\/site\/?p=38813"},"modified":"2026-03-05T13:45:12","modified_gmt":"2026-03-05T16:45:12","slug":"misiones-avanza-con-la-linea-de-132-kv-alem-obera-nacion-aprobo-la-garantia-de-usd-75-millones-de-la-caf","status":"publish","type":"post","link":"https:\/\/radionewsmisiones.ar\/site\/provinciales\/misiones-avanza-con-la-linea-de-132-kv-alem-obera-nacion-aprobo-la-garantia-de-usd-75-millones-de-la-caf\/","title":{"rendered":"Misiones avanza con la l\u00ednea de 132 kV Alem\u2013Ober\u00e1: Naci\u00f3n aprob\u00f3 la garant\u00eda de USD 75 millones de la CAF"},"content":{"rendered":"\n<p><em>El proyecto de alta tensi\u00f3n beneficiar\u00e1 a m\u00e1s de 100 mil familias y 30 municipios de la zona centro. Tras la apertura de ofertas en diciembre, el Gobierno nacional oficializ\u00f3 ahora el financiamiento con garant\u00eda y contragarant\u00eda.<\/em><\/p>\n\n\n\n<figure class=\"wp-block-image size-large\"><img loading=\"lazy\" width=\"1024\" height=\"683\" src=\"https:\/\/radionewsmisiones.ar\/site\/wp-content\/uploads\/2026\/03\/WhatsApp-Image-2026-03-05-at-12.33.40-1024x683.jpeg\" alt=\"\" class=\"wp-image-38814\" srcset=\"https:\/\/radionewsmisiones.ar\/site\/wp-content\/uploads\/2026\/03\/WhatsApp-Image-2026-03-05-at-12.33.40-1024x683.jpeg 1024w, https:\/\/radionewsmisiones.ar\/site\/wp-content\/uploads\/2026\/03\/WhatsApp-Image-2026-03-05-at-12.33.40-300x200.jpeg 300w, https:\/\/radionewsmisiones.ar\/site\/wp-content\/uploads\/2026\/03\/WhatsApp-Image-2026-03-05-at-12.33.40-768x512.jpeg 768w, https:\/\/radionewsmisiones.ar\/site\/wp-content\/uploads\/2026\/03\/WhatsApp-Image-2026-03-05-at-12.33.40.jpeg 1500w\" sizes=\"(max-width: 1024px) 100vw, 1024px\" \/><figcaption><strong>FOTO: Hugo Passalacqua junto a Adolfo Safr\u00e1n<\/strong><\/figcaption><\/figure>\n\n\n\n<p>La Provincia de Misiones dio un paso decisivo para concretar una de las obras energ\u00e9ticas m\u00e1s importantes de los \u00faltimos a\u00f1os: la construcci\u00f3n de <strong>la l\u00ednea de alta tensi\u00f3n de 132 kV que unir\u00e1 Leandro N. Alem y Ober\u00e1<\/strong>. El proyecto, que beneficiar\u00e1 a m\u00e1s de <strong>100 mil familias y empresas en al menos 30 municipios<\/strong>, se financiar\u00e1 con un pr\u00e9stamo de <strong>la Corporaci\u00f3n Andina de Fomento (CAF)<\/strong>.<\/p>\n\n\n\n<p>El 15de diciembre pasado, el gobernador <strong>Hugo Passalacqua<\/strong> encabez\u00f3 el acto de apertura de ofertas para la obra, destacando que se trata de una inversi\u00f3n crucial para garantizar un suministro confiable y estable en la zona centro de la provincia. En esa oportunidad, el ministro de Hacienda <strong>Adolfo Safr\u00e1n<\/strong> subray\u00f3 que las condiciones del cr\u00e9dito eran favorables para Misiones, gracias al orden de las cuentas p\u00fablicas y el bajo nivel de endeudamiento provincial.<\/p>\n\n\n\n<p>Este jueves, el Gobierno nacional oficializ\u00f3 el financiamiento mediante el <strong>Decreto 131\/2026<\/strong>, que aprueba el <strong>Contrato de Garant\u00eda entre la Rep\u00fablica Argentina y la CAF<\/strong> y <strong>el Contrato de Contragarant\u00eda entre la Naci\u00f3n y Misiones<\/strong>. El esquema prev\u00e9 que la Naci\u00f3n se constituya en <strong>codeudor solidario e irrevocable<\/strong> de las obligaciones de pago, mientras que la provincia autoriza la retenci\u00f3n de fondos de coparticipaci\u00f3n en caso de incumplimiento.<\/p>\n\n\n\n<p>El pr\u00e9stamo alcanza los <strong>USD 75 millones<\/strong> y permitir\u00e1 ampliar y modernizar el sistema de transporte de energ\u00eda el\u00e9ctrica, integrando fuentes renovables y reforzando la capacidad de las estaciones transformadoras de San Isidro, Alem y Ober\u00e1. El plazo de ejecuci\u00f3n estimado es de entre <strong>uno y dos a\u00f1os<\/strong>, seg\u00fan el avance de las distintas etapas.<\/p>\n\n\n\n<p>La medida lleva las firmas del presidente <strong>Javier Milei<\/strong>, el jefe de <strong>Gabinete Manuel Adorni<\/strong> y el ministro de Econom\u00eda <strong>Luis Caputo<\/strong>, quien qued\u00f3 facultado para suscribir los contratos y realizar las gestiones necesarias para su implementaci\u00f3n.<\/p>\n","protected":false},"excerpt":{"rendered":"<p>El proyecto de alta tensi&oacute;n beneficiar&aacute; a m&aacute;s de 100 mil familias y 30 municipios de la zona centro. Tras la apertura de ofertas en diciembre, el Gobierno nacional oficializ&oacute;&hellip; <\/p>\n","protected":false},"author":4,"featured_media":38814,"comment_status":"closed","ping_status":"closed","sticky":false,"template":"","format":"standard","meta":{"_monsterinsights_skip_tracking":false,"_monsterinsights_sitenote_active":false,"_monsterinsights_sitenote_note":"","_monsterinsights_sitenote_category":0},"categories":[3],"tags":[],"aioseo_notices":[],"_links":{"self":[{"href":"https:\/\/radionewsmisiones.ar\/site\/wp-json\/wp\/v2\/posts\/38813"}],"collection":[{"href":"https:\/\/radionewsmisiones.ar\/site\/wp-json\/wp\/v2\/posts"}],"about":[{"href":"https:\/\/radionewsmisiones.ar\/site\/wp-json\/wp\/v2\/types\/post"}],"author":[{"embeddable":true,"href":"https:\/\/radionewsmisiones.ar\/site\/wp-json\/wp\/v2\/users\/4"}],"replies":[{"embeddable":true,"href":"https:\/\/radionewsmisiones.ar\/site\/wp-json\/wp\/v2\/comments?post=38813"}],"version-history":[{"count":1,"href":"https:\/\/radionewsmisiones.ar\/site\/wp-json\/wp\/v2\/posts\/38813\/revisions"}],"predecessor-version":[{"id":38815,"href":"https:\/\/radionewsmisiones.ar\/site\/wp-json\/wp\/v2\/posts\/38813\/revisions\/38815"}],"wp:featuredmedia":[{"embeddable":true,"href":"https:\/\/radionewsmisiones.ar\/site\/wp-json\/wp\/v2\/media\/38814"}],"wp:attachment":[{"href":"https:\/\/radionewsmisiones.ar\/site\/wp-json\/wp\/v2\/media?parent=38813"}],"wp:term":[{"taxonomy":"category","embeddable":true,"href":"https:\/\/radionewsmisiones.ar\/site\/wp-json\/wp\/v2\/categories?post=38813"},{"taxonomy":"post_tag","embeddable":true,"href":"https:\/\/radionewsmisiones.ar\/site\/wp-json\/wp\/v2\/tags?post=38813"}],"curies":[{"name":"wp","href":"https:\/\/api.w.org\/{rel}","templated":true}]}}