{"id":38820,"date":"2026-03-09T17:19:23","date_gmt":"2026-03-09T20:19:23","guid":{"rendered":"https:\/\/radionewsmisiones.ar\/site\/?p=38820"},"modified":"2026-03-09T17:19:36","modified_gmt":"2026-03-09T20:19:36","slug":"se-desploma-el-consumo-ventas-minoristas-caen-56-y-la-mayoria-de-los-comerciantes-descarta-invertir","status":"publish","type":"post","link":"https:\/\/radionewsmisiones.ar\/site\/nacionales\/se-desploma-el-consumo-ventas-minoristas-caen-56-y-la-mayoria-de-los-comerciantes-descarta-invertir\/","title":{"rendered":"Se desploma el consumo: ventas minoristas caen 5,6% y la mayor\u00eda de los comerciantes descarta invertir"},"content":{"rendered":"\n<p>Las ventas minoristas de las pymes volvieron a caer en febrero y reflejan el dif\u00edcil momento que atraviesa el consumo en Argentina. Seg\u00fan el \u00faltimo informe de la Confederaci\u00f3n Argentina de la Mediana Empresa (CAME), el sector registr\u00f3 una baja interanual del 5,6% a precios constantes, mientras que en el acumulado del a\u00f1o la retracci\u00f3n ya alcanza el 5,2%, en un contexto econ\u00f3mico que contin\u00faa afectando la actividad comercial y que se da en medio del impacto de la pol\u00edtica econ\u00f3mica nacional sobre el poder adquisitivo y los costos del comercio.<\/p>\n\n\n\n<p>El reporte, elaborado a partir de un relevamiento realizado entre 1.181 comercios de todo el pa\u00eds, tambi\u00e9n muestra un fuerte clima de cautela entre los empresarios. Seis de cada diez comerciantes consideran que actualmente no es un buen momento para invertir, reflejando la incertidumbre que domina al sector frente al escenario econ\u00f3mico.<\/p>\n\n\n\n<p>A pesar de la ca\u00edda interanual, el informe marca un dato que podr\u00eda anticipar una leve desaceleraci\u00f3n del retroceso del consumo: en comparaci\u00f3n con enero, las ventas crecieron 2,6% en t\u00e9rminos desestacionalizados. Sin embargo, el nivel de actividad todav\u00eda se mantiene por debajo de los registros del a\u00f1o pasado.<\/p>\n\n\n\n<p>El an\u00e1lisis por rubros confirma que el impacto se extiende a casi todo el comercio. Las mayores ca\u00eddas se registraron en bazar y art\u00edculos para el hogar (-14,4%), perfumer\u00eda (-10,7%) y alimentos y bebidas (-8,7%). Tambi\u00e9n retrocedieron textil e indumentaria (-7,4%), calzado y marroquiner\u00eda (-1,1%) y ferreter\u00eda y materiales para la construcci\u00f3n (-0,3%), mientras que el \u00fanico sector con leve crecimiento fue farmacia, con una suba del 0,3%.<\/p>\n\n\n\n<p>En este escenario, los comerciantes aseguran que los clientes compran menos productos y priorizan precios m\u00e1s bajos, concentrando el gasto en bienes esenciales. Adem\u00e1s, crece el uso de promociones y pagos en cuotas para sostener las ventas, mientras algunos consumidores optan por finalizar sus compras en plataformas digitales ante la b\u00fasqueda constante de mejores precios.<\/p>\n","protected":false},"excerpt":{"rendered":"<p>Las ventas minoristas de las pymes volvieron a caer en febrero y reflejan el dif&iacute;cil momento que atraviesa el consumo en Argentina. Seg&uacute;n el &uacute;ltimo informe de la Confederaci&oacute;n Argentina&hellip; <\/p>\n","protected":false},"author":4,"featured_media":38821,"comment_status":"closed","ping_status":"closed","sticky":false,"template":"","format":"standard","meta":{"_monsterinsights_skip_tracking":false,"_monsterinsights_sitenote_active":false,"_monsterinsights_sitenote_note":"","_monsterinsights_sitenote_category":0},"categories":[4],"tags":[],"aioseo_notices":[],"_links":{"self":[{"href":"https:\/\/radionewsmisiones.ar\/site\/wp-json\/wp\/v2\/posts\/38820"}],"collection":[{"href":"https:\/\/radionewsmisiones.ar\/site\/wp-json\/wp\/v2\/posts"}],"about":[{"href":"https:\/\/radionewsmisiones.ar\/site\/wp-json\/wp\/v2\/types\/post"}],"author":[{"embeddable":true,"href":"https:\/\/radionewsmisiones.ar\/site\/wp-json\/wp\/v2\/users\/4"}],"replies":[{"embeddable":true,"href":"https:\/\/radionewsmisiones.ar\/site\/wp-json\/wp\/v2\/comments?post=38820"}],"version-history":[{"count":1,"href":"https:\/\/radionewsmisiones.ar\/site\/wp-json\/wp\/v2\/posts\/38820\/revisions"}],"predecessor-version":[{"id":38822,"href":"https:\/\/radionewsmisiones.ar\/site\/wp-json\/wp\/v2\/posts\/38820\/revisions\/38822"}],"wp:featuredmedia":[{"embeddable":true,"href":"https:\/\/radionewsmisiones.ar\/site\/wp-json\/wp\/v2\/media\/38821"}],"wp:attachment":[{"href":"https:\/\/radionewsmisiones.ar\/site\/wp-json\/wp\/v2\/media?parent=38820"}],"wp:term":[{"taxonomy":"category","embeddable":true,"href":"https:\/\/radionewsmisiones.ar\/site\/wp-json\/wp\/v2\/categories?post=38820"},{"taxonomy":"post_tag","embeddable":true,"href":"https:\/\/radionewsmisiones.ar\/site\/wp-json\/wp\/v2\/tags?post=38820"}],"curies":[{"name":"wp","href":"https:\/\/api.w.org\/{rel}","templated":true}]}}