{"id":38831,"date":"2026-03-09T17:41:56","date_gmt":"2026-03-09T20:41:56","guid":{"rendered":"https:\/\/radionewsmisiones.ar\/site\/?p=38831"},"modified":"2026-03-09T17:42:02","modified_gmt":"2026-03-09T20:42:02","slug":"crisis-universitaria-anuncian-dos-semanas-de-paro-y-denuncian-una-perdida-salarial-del-51","status":"publish","type":"post","link":"https:\/\/radionewsmisiones.ar\/site\/provinciales\/crisis-universitaria-anuncian-dos-semanas-de-paro-y-denuncian-una-perdida-salarial-del-51\/","title":{"rendered":"Crisis universitaria: anuncian dos semanas de paro y denuncian una p\u00e9rdida salarial del 51%"},"content":{"rendered":"\n<p><strong>Rub\u00e9n Stasuck, secretario general de ADUNAM, advirti\u00f3 sobre el \u00abdesmantelamiento\u00bb del sistema p\u00fablico y revel\u00f3 que miles de docentes abandonan las aulas para trabajar en el sector privado o incluso manejar Uber debido a los bajos ingresos.<\/strong><\/p>\n\n\n\n<p>El conflicto entre el Gobierno nacional y las universidades p\u00fablicas escal\u00f3 a un nuevo nivel de tensi\u00f3n tras la decisi\u00f3n del Congreso Extraordinario de CONADU Hist\u00f3rica de declararse en <strong>estado de sesi\u00f3n permanente<\/strong>. Ante lo que consideran un \u00abbrutal ajuste\u00bb y el incumplimiento de la Ley de Financiamiento Universitario, la docencia universitaria ratific\u00f3 un plan de lucha que paralizar\u00e1 las facultades durante dos semanas cr\u00edticas de marzo.<\/p>\n\n\n\n<p><strong>Un plan de lucha con paros totales<\/strong><\/p>\n\n\n\n<p>En di\u00e1logo con la prensa, <strong>Rub\u00e9n Stasuck, secretario general de ADUNAM<\/strong> (Asociaci\u00f3n de Docentes de la Universidad Nacional de Misiones), confirm\u00f3 que las medidas de fuerza se intensificar\u00e1n con interrupciones totales de actividades. \u00abLa medida de fuerza va a ser la semana del 16 de marzo y la segunda semana, la semana del 30 de marzo\u00bb, detall\u00f3 el dirigente, se\u00f1alando que esta acci\u00f3n es compartida por las dos federaciones mayoritarias, representando al 80% de los afiliados del pa\u00eds.<\/p>\n\n\n\n<p>Stasuck explic\u00f3 que el impacto variar\u00e1 seg\u00fan el calendario acad\u00e9mico de cada facultad, pero que la intenci\u00f3n es clara: <strong>\u00abSin clases y sin mesa de ex\u00e1menes aproximadamente por 15 d\u00edas\u00bb<\/strong>. Adem\u00e1s, el gremio convoc\u00f3 al Paro Internacional Feminista del 9 de marzo y prev\u00e9 acciones para el 24 de marzo, a 50 a\u00f1os del golpe de Estado.<\/p>\n\n\n\n<p><strong>Salarios por debajo de la l\u00ednea de pobreza<\/strong><\/p>\n\n\n\n<p>El reclamo central radica en la situaci\u00f3n econ\u00f3mica de los trabajadores acad\u00e9micos. Seg\u00fan Stasuck, el sector arrastra una <strong>p\u00e9rdida del 51% en el poder adquisitivo<\/strong>. \u00abUn profesor que se grad\u00faa, que tiene maestr\u00eda y doctorado&#8230; ingresa a la universidad y est\u00e1 con 240.000 pesos brutos\u00bb, denunci\u00f3 para ejemplificar la precariedad salarial que atraviesa la docencia.<\/p>\n\n\n\n<p>Para el dirigente, el Gobierno nacional est\u00e1 violando la Constituci\u00f3n y las normas de la democracia representativa al negarse a cumplir con la Ley de Financiamiento Universitario, ya ratificada por la justicia y el Congreso. <strong>\u00abLos salarios han ca\u00eddo por debajo de la l\u00ednea de pobreza\u00bb<\/strong>, advirti\u00f3, lo que pone en riesgo no solo el sustento de los docentes sino tambi\u00e9n el funcionamiento de las obras sociales.<\/p>\n\n\n\n<p><strong>El fen\u00f3meno del \u00abpluriempleo\u00bb y la fuga de docentes<\/strong><\/p>\n\n\n\n<p>Uno de los datos m\u00e1s alarmantes revelados por el titular de ADUNAM es la p\u00e9rdida de capital humano. Se estima que aproximadamente <strong>10.000 docentes han renunciado<\/strong> a sus cargos para buscar alternativas en el sector privado, en otras jurisdicciones o en el exterior.<\/p>\n\n\n\n<p>Esta crisis econ\u00f3mica ha forzado a muchos profesionales a la \u00abautoexplotaci\u00f3n\u00bb. Stasuck relat\u00f3 casos de ingenieros y especialistas con posgrados que deben recurrir al transporte informal para sobrevivir: <strong>\u00abDos ingenieros han manifestado que han comenzado a manejar Uber para complementar sus ingresos\u00bb<\/strong>. Este fen\u00f3meno de pluriempleo es visto como una consecuencia directa de la depreciaci\u00f3n de la calidad de vida en el \u00faltimo a\u00f1o.<\/p>\n\n\n\n<p><strong>La defensa del modelo universitario<\/strong><\/p>\n\n\n\n<p>Pese a los cuestionamientos sobre la efectividad de los paros y la falta de acompa\u00f1amiento estudiantil en algunos sectores, Stasuck defendi\u00f3 la medida como una herramienta necesaria para evitar el fin de la universidad p\u00fablica. <strong>\u00abSi no defendemos este espacio, van a perder la universidad p\u00fablica. Se va a terminar desguazando, desmantelando y achicando\u00bb<\/strong>, sentenci\u00f3.<\/p>\n\n\n\n<p>Finalmente, el dirigente cuestion\u00f3 la postura de algunos rectores que estar\u00edan buscando acuerdos individuales con el Gobierno por partidas presupuestarias espec\u00edficas, como las destinadas a hospitales, advirtiendo que esto <strong>\u00abpone en jaque el funcionamiento de las 57 universidades\u00bb<\/strong> del pa\u00eds en lugar de ofrecer una soluci\u00f3n integral para todo el sistema.<\/p>\n\n\n\n<figure class=\"wp-block-embed is-type-video is-provider-youtube wp-block-embed-youtube wp-embed-aspect-9-16 wp-has-aspect-ratio\"><div class=\"wp-block-embed__wrapper\">\n<iframe loading=\"lazy\" title=\"\u00a1CRISIS UNIVERSITARIA! 15 d\u00edas de paro y docentes que manejan Uber para sobrevivir\" width=\"563\" height=\"1000\" src=\"https:\/\/www.youtube.com\/embed\/BU3Uo0C6xuc?feature=oembed\" frameborder=\"0\" allow=\"accelerometer; autoplay; clipboard-write; encrypted-media; gyroscope; picture-in-picture; web-share\" referrerpolicy=\"strict-origin-when-cross-origin\" allowfullscreen><\/iframe>\n<\/div><figcaption>ENTREVISTA<\/figcaption><\/figure>\n","protected":false},"excerpt":{"rendered":"<p>Rub&eacute;n Stasuck, secretario general de ADUNAM, advirti&oacute; sobre el &laquo;desmantelamiento&raquo; del sistema p&uacute;blico y revel&oacute; que miles de docentes abandonan las aulas para trabajar en el sector privado o incluso&hellip; <\/p>\n","protected":false},"author":4,"featured_media":38832,"comment_status":"closed","ping_status":"closed","sticky":false,"template":"","format":"standard","meta":{"_monsterinsights_skip_tracking":false,"_monsterinsights_sitenote_active":false,"_monsterinsights_sitenote_note":"","_monsterinsights_sitenote_category":0},"categories":[3],"tags":[851,796],"aioseo_notices":[],"_links":{"self":[{"href":"https:\/\/radionewsmisiones.ar\/site\/wp-json\/wp\/v2\/posts\/38831"}],"collection":[{"href":"https:\/\/radionewsmisiones.ar\/site\/wp-json\/wp\/v2\/posts"}],"about":[{"href":"https:\/\/radionewsmisiones.ar\/site\/wp-json\/wp\/v2\/types\/post"}],"author":[{"embeddable":true,"href":"https:\/\/radionewsmisiones.ar\/site\/wp-json\/wp\/v2\/users\/4"}],"replies":[{"embeddable":true,"href":"https:\/\/radionewsmisiones.ar\/site\/wp-json\/wp\/v2\/comments?post=38831"}],"version-history":[{"count":1,"href":"https:\/\/radionewsmisiones.ar\/site\/wp-json\/wp\/v2\/posts\/38831\/revisions"}],"predecessor-version":[{"id":38833,"href":"https:\/\/radionewsmisiones.ar\/site\/wp-json\/wp\/v2\/posts\/38831\/revisions\/38833"}],"wp:featuredmedia":[{"embeddable":true,"href":"https:\/\/radionewsmisiones.ar\/site\/wp-json\/wp\/v2\/media\/38832"}],"wp:attachment":[{"href":"https:\/\/radionewsmisiones.ar\/site\/wp-json\/wp\/v2\/media?parent=38831"}],"wp:term":[{"taxonomy":"category","embeddable":true,"href":"https:\/\/radionewsmisiones.ar\/site\/wp-json\/wp\/v2\/categories?post=38831"},{"taxonomy":"post_tag","embeddable":true,"href":"https:\/\/radionewsmisiones.ar\/site\/wp-json\/wp\/v2\/tags?post=38831"}],"curies":[{"name":"wp","href":"https:\/\/api.w.org\/{rel}","templated":true}]}}