{"id":38839,"date":"2026-03-09T18:02:04","date_gmt":"2026-03-09T21:02:04","guid":{"rendered":"https:\/\/radionewsmisiones.ar\/site\/?p=38839"},"modified":"2026-03-09T18:02:16","modified_gmt":"2026-03-09T21:02:16","slug":"maximo-kirchner-apunto-contra-los-gobernadores-peronistas-que-apoyaron-la-reforma-laboral","status":"publish","type":"post","link":"https:\/\/radionewsmisiones.ar\/site\/nacionales\/maximo-kirchner-apunto-contra-los-gobernadores-peronistas-que-apoyaron-la-reforma-laboral\/","title":{"rendered":"M\u00e1ximo Kirchner apunt\u00f3 contra los gobernadores peronistas que apoyaron la reforma laboral"},"content":{"rendered":"\n<p>El diputado nacional cuestion\u00f3 el rumbo de la gesti\u00f3n de Javier Milei. Tambi\u00e9n se refiri\u00f3 a la situaci\u00f3n judicial de la expresidenta, de las restricciones que enfrenta y del impacto pol\u00edtico que genera su ausencia.<\/p>\n\n\n\n<p>El diputado nacional&nbsp;<strong>M\u00e1ximo Kirchner<\/strong>&nbsp;critic\u00f3 en duros t\u00e9rminos a los gobernadores peronistas que apoyaron la sanci\u00f3n de la reforma laboral impulsada por el Gobierno nacional. Puntualmente, cuestion\u00f3 al mandatario de Catamarca, Ra\u00fal Jalil.<\/p>\n\n\n\n<h3><a href=\"https:\/\/www.pagina12.com.ar\/2026\/03\/07\/cfk-contra-el-intento-de-de-decomiso-de-los-bienes-de-sus-hijos\/\"><strong>CFK contra el intento de decomiso de los bienes de sus hijos<\/strong><\/a><\/h3>\n\n\n\n<p>\u201cA ese diputado se lo pidi\u00f3 el gobernador, estaba incomod\u00edsimo, lo que no lo salva de las responsabilidades que tiene, es una persona grande que nadie le puso una pistola en la cabeza para ser diputado nacional y que sabe que cuando uno se sienta en lugares<strong>&nbsp;hay momentos de contradicciones y define de un lado o del otro<\/strong>\u201d, lanz\u00f3 el legislador durante una entrevista en la radio&nbsp;<em>FutuRock<\/em>.<\/p>\n\n\n\n<p>\u201cHablan de abrir el peronismo y se abri\u00f3 tanto que dieron qu\u00f3rum para la reforma laboral. Yo, la verdad, hab\u00eda que tener m\u00e1s cuidado. Se piensa que se puede ganar sin orden. La sociedad busca un grado de certeza\u201d, complet\u00f3 el diputado nacional.<\/p>\n\n\n\n<p>Tambi\u00e9n dedic\u00f3 un tramo de su exposici\u00f3n para avivar la interna peronista bonaerense y se refiri\u00f3 a la elecci\u00f3n de autoridades del partido. \u201c\u00cdbamos a terminar con una persona al frente del PJ que los intendentes no quer\u00edan, as\u00ed que hicimos lo que ten\u00edamos que hacer\u201d, dijo M\u00e1ximo.<\/p>\n\n\n\n<p>En la misma l\u00ednea, consider\u00f3: \u201c<strong>Hay un momento que las cosas deben resolverse<\/strong>, sino es una situaci\u00f3n donde la laxitud de los tiempos poco tienen que ver con las necesidades de la gente\u201d<\/p>\n\n\n\n<h2>La proscripci\u00f3n de Cristina Kirchner<\/h2>\n\n\n\n<p>Por otro lado, se refiri\u00f3 a la situaci\u00f3n judicial de&nbsp;<strong>Cristina Fern\u00e1ndez de Kirchner<\/strong>&nbsp;y sostuvo que su detenci\u00f3n constituye&nbsp;<strong>\u201cuna proscripci\u00f3n que pega en el coraz\u00f3n del campo nacional y popular\u201d<\/strong>&nbsp;y asever\u00f3 que la situaci\u00f3n de la exmandataria tiene consecuencias directas sobre la din\u00e1mica pol\u00edtica y social.<\/p>\n\n\n\n<p>En declaraciones radiales, indic\u00f3 que&nbsp;<strong>la ausencia de Cristina Fern\u00e1ndez de Kirchner en la vida p\u00fablica \u201cafecta la capacidad de representaci\u00f3n de amplios sectores de la sociedad\u201d<\/strong>.<\/p>\n\n\n\n<p>\u201c<strong>Cristina est\u00e1 presa y la cantidad de votos que representa es existente<\/strong>\u201d, afirm\u00f3, al tiempo que defini\u00f3 su detenci\u00f3n como un ejemplo del modo en que, a su entender, operan determinadas relaciones de poder en la Argentina.<\/p>\n\n\n\n<p>Durante la entrevista, Kirchner consider\u00f3 que&nbsp;<strong>la detenci\u00f3n de la expresidenta incide en el clima pol\u00edtico y en el debate p\u00fablico<\/strong>. En su an\u00e1lisis, la situaci\u00f3n no solo implica una cuesti\u00f3n judicial, sino tambi\u00e9n una modificaci\u00f3n en la forma en que se expresa una parte del electorado.<\/p>\n\n\n\n<p>\u201cLa detenci\u00f3n injusta explica en parte esta situaci\u00f3n actual\u201d, sostuvo. Para el diputado,\u00a0<strong>la \u201csustracci\u00f3n de la vida social y pol\u00edtica\u201d de la exmandataria repercute en sectores de la sociedad que no acompa\u00f1an las pol\u00edticas del actual gobierno libertario, liderado por Javier Milei<\/strong>.<\/p>\n\n\n\n<p>El legislador por la provincia de Buenos Aires remarc\u00f3 adem\u00e1s la trayectoria electoral de la dirigente. Se\u00f1al\u00f3 que, en t\u00e9rminos pragm\u00e1ticos,&nbsp;<strong>Cristina Fern\u00e1ndez de Kirchner \u201cencabez\u00f3 tres boletas presidenciales que resultaron ganadoras\u201d<\/strong>, un dato que \u2014seg\u00fan explic\u00f3\u2014 refleja su peso pol\u00edtico.<\/p>\n\n\n\n<p>Tambi\u00e9n subray\u00f3 que su figura mantiene capacidad de convocatoria incluso entre quienes no la votan. Seg\u00fan dijo, \u00ab<strong>hay sectores de la sociedad que, aun sin coincidir plenamente, la escuchan con atenci\u00f3n por su experiencia de gobierno y su formaci\u00f3n pol\u00edtica\u00bb<\/strong>.<\/p>\n\n\n\n<h2>CFK sigue con atenci\u00f3n la pol\u00edtica internacional<\/h2>\n\n\n\n<p>El diputado tambi\u00e9n cuestion\u00f3 las condiciones en las que la expresidenta atraviesa su detenci\u00f3n. Seg\u00fan relat\u00f3,&nbsp;<strong>las visitas que puede recibir est\u00e1n fuertemente limitadas<\/strong>, lo que \u2014a su juicio\u2014 repercute en su contacto con distintos actores sociales y pol\u00edticos.<\/p>\n\n\n\n<p>\u201c<strong>Restringen sus visitas de manera salvaje<\/strong>\u201d, expres\u00f3. En ese sentido, explic\u00f3 que&nbsp;<strong>al recibir menos personas tambi\u00e9n se reduce la posibilidad de intercambiar opiniones o informaciones<\/strong>.<\/p>\n\n\n\n<p>Pese a esas restricciones, Kirchner sostuvo que la exmandataria contin\u00faa inform\u00e1ndose de manera permanente. Indic\u00f3 que&nbsp;<strong>sigue con atenci\u00f3n la pol\u00edtica internacional<\/strong>&nbsp;y que mantiene una lectura constante de los acontecimientos globales. \u201cElla se informa y mira todo. Mucho de pol\u00edtica internacional y desde enero me dec\u00eda \u2019va a haber guerra porque la econom\u00eda no arranca y se vienen las legislativas en Estados Unidos\u2019\u201d, complet\u00f3.<\/p>\n\n\n\n<h2>\u201cVaca Muerta es nuestro gobierno\u201d<\/h2>\n\n\n\n<p>En otro tramo de la entrevista, el diputado se refiri\u00f3 al v\u00ednculo entre la Argentina y el&nbsp;<strong>Fondo Monetario Internacional (FMI),&nbsp;<\/strong>luego de que el gobierno de Javier Milei haya desembolsado a\u00fan m\u00e1s dinero. En ese punto, plante\u00f3 que el organismo no puede ignorar las consecuencias sociales de sus decisiones. \u201c<strong>Yo no desconozco la existencia del FMI, lo que el Fondo no puede es desconocer la existencia de la sociedad argentina<\/strong>\u201d, afirm\u00f3.<\/p>\n\n\n\n<p>Kirchner tambi\u00e9n mencion\u00f3 el desarrollo energ\u00e9tico y record\u00f3 el papel de los gobiernos anteriores en proyectos estrat\u00e9gicos. En ese sentido, destac\u00f3 el impulso dado al yacimiento de\u00a0<strong>Vaca Muerta<\/strong>\u00a0durante la gesti\u00f3n kirchnerista.<\/p>\n\n\n\n<p>\u201c<strong>Vaca Muerta es nuestro gobierno, es el peronismo, es Cristina Vaca Muerta<\/strong>\u201d, sostuvo. Adem\u00e1s, mencion\u00f3 el gasoducto construido para transportar gas desde ese yacimiento, obra que \u2014seg\u00fan record\u00f3\u2014 se financi\u00f3 en parte con recursos provenientes del impuesto a las grandes fortunas.<\/p>\n\n\n\n<p>El diputado tambi\u00e9n se refiri\u00f3 al debate sobre los recursos naturales del pa\u00eds, particularmente el litio. En ese contexto, cuestion\u00f3 las flexibilizaciones ambientales vinculadas al acuerdo con el FMI y asegur\u00f3 que\u00a0<strong>el actual gobierno muestra desinter\u00e9s en proteger los intereses nacionales<\/strong>. \u201c<strong>La experiencia nos obliga a tener mayor creatividad<\/strong>\u201d, concluy\u00f3, al referirse a los desaf\u00edos que enfrenta el peronismo como oposici\u00f3n.<\/p>\n\n\n\n<p>Fuente: P\u00e1gina 12<\/p>\n\n\n\n<figure class=\"wp-block-embed is-type-video is-provider-youtube wp-block-embed-youtube wp-embed-aspect-16-9 wp-has-aspect-ratio\"><div class=\"wp-block-embed__wrapper\">\n<iframe loading=\"lazy\" title=\"M\u00c1XIMO KIRCHNER en MIR\u00c1 QUI\u00c9N VINO CON JULIA MENGOLINI\" width=\"1110\" height=\"624\" src=\"https:\/\/www.youtube.com\/embed\/mJVAiohADt4?feature=oembed\" frameborder=\"0\" allow=\"accelerometer; autoplay; clipboard-write; encrypted-media; gyroscope; picture-in-picture; web-share\" referrerpolicy=\"strict-origin-when-cross-origin\" allowfullscreen><\/iframe>\n<\/div><figcaption>M\u00e1ximo Kirchner en FutuRock<\/figcaption><\/figure>\n","protected":false},"excerpt":{"rendered":"<p>El diputado nacional cuestion&oacute; el rumbo de la gesti&oacute;n de Javier Milei. Tambi&eacute;n se refiri&oacute; a la situaci&oacute;n judicial de la expresidenta, de las restricciones que enfrenta y del impacto&hellip; <\/p>\n","protected":false},"author":4,"featured_media":38840,"comment_status":"closed","ping_status":"closed","sticky":false,"template":"","format":"standard","meta":{"_monsterinsights_skip_tracking":false,"_monsterinsights_sitenote_active":false,"_monsterinsights_sitenote_note":"","_monsterinsights_sitenote_category":0},"categories":[4],"tags":[],"aioseo_notices":[],"_links":{"self":[{"href":"https:\/\/radionewsmisiones.ar\/site\/wp-json\/wp\/v2\/posts\/38839"}],"collection":[{"href":"https:\/\/radionewsmisiones.ar\/site\/wp-json\/wp\/v2\/posts"}],"about":[{"href":"https:\/\/radionewsmisiones.ar\/site\/wp-json\/wp\/v2\/types\/post"}],"author":[{"embeddable":true,"href":"https:\/\/radionewsmisiones.ar\/site\/wp-json\/wp\/v2\/users\/4"}],"replies":[{"embeddable":true,"href":"https:\/\/radionewsmisiones.ar\/site\/wp-json\/wp\/v2\/comments?post=38839"}],"version-history":[{"count":1,"href":"https:\/\/radionewsmisiones.ar\/site\/wp-json\/wp\/v2\/posts\/38839\/revisions"}],"predecessor-version":[{"id":38841,"href":"https:\/\/radionewsmisiones.ar\/site\/wp-json\/wp\/v2\/posts\/38839\/revisions\/38841"}],"wp:featuredmedia":[{"embeddable":true,"href":"https:\/\/radionewsmisiones.ar\/site\/wp-json\/wp\/v2\/media\/38840"}],"wp:attachment":[{"href":"https:\/\/radionewsmisiones.ar\/site\/wp-json\/wp\/v2\/media?parent=38839"}],"wp:term":[{"taxonomy":"category","embeddable":true,"href":"https:\/\/radionewsmisiones.ar\/site\/wp-json\/wp\/v2\/categories?post=38839"},{"taxonomy":"post_tag","embeddable":true,"href":"https:\/\/radionewsmisiones.ar\/site\/wp-json\/wp\/v2\/tags?post=38839"}],"curies":[{"name":"wp","href":"https:\/\/api.w.org\/{rel}","templated":true}]}}