{"id":38929,"date":"2026-04-26T23:27:02","date_gmt":"2026-04-27T02:27:02","guid":{"rendered":"https:\/\/radionewsmisiones.ar\/site\/?p=38929"},"modified":"2026-04-26T23:27:05","modified_gmt":"2026-04-27T02:27:05","slug":"ramon-gerega-el-paro-yerbatero-no-es-la-solucion","status":"publish","type":"post","link":"https:\/\/radionewsmisiones.ar\/site\/provinciales\/ramon-gerega-el-paro-yerbatero-no-es-la-solucion\/","title":{"rendered":"Ram\u00f3n Gerega: \u00abEl paro yerbatero no es la soluci\u00f3n\u00bb"},"content":{"rendered":"\n<p><strong>El intendente de Tres Capones advirti\u00f3 que las medidas de fuerza \u00abdestruyen la econom\u00eda\u00bb de los peque\u00f1os productores. Propone una salida pol\u00edtica y la creaci\u00f3n de un instituto provincial para fijar precios m\u00ednimos tras la desregulaci\u00f3n nacional.<\/strong><\/p>\n\n\n\n<p>En el marco del conflicto que atraviesa el sector yerbatero en Misiones, con un cese de actividades convocado para la primera semana de mayo, <strong>Ram\u00f3n Gerega<\/strong>, intendente de la localidad de <strong>Tres Capones<\/strong>, expres\u00f3 su firme desacuerdo con la metodolog\u00eda del paro. Si bien reconoci\u00f3 que la situaci\u00f3n econ\u00f3mica de las familias productoras es cr\u00edtica, sostuvo que la interrupci\u00f3n de la cosecha solo agrava el perjuicio para el eslab\u00f3n m\u00e1s d\u00e9bil de la cadena.<\/p>\n\n\n\n<p><strong>El impacto econ\u00f3mico del cese de actividades<\/strong><\/p>\n\n\n\n<p>Para Gerega, las experiencias previas de huelgas no han arrojado resultados positivos para el sector primario. \u00ab<strong>Muchos productores ya se cansaron de participar de estas reuniones donde siempre las medidas son muy dr\u00e1sticas, siempre el paro<\/strong>\u00ab, afirm\u00f3 el jefe comunal.<\/p>\n\n\n\n<p>Seg\u00fan explic\u00f3, el productor que se suma a la medida termina con \u00ab<strong>la hoja en el suelo<\/strong>\u00bb y con su \u00ab<strong>econom\u00eda destruida<\/strong>\u00ab, ya que debe seguir afrontando gastos fijos como el pago de salarios, impuestos y servicios b\u00e1sicos. \u00ab\u00bfCon qu\u00e9 vamos a pagar la luz? \u00bfCon qu\u00e9 vamos a pagar los impuestos? A ver, le vamos a decir: &#8216;No, estamos de paro, entonces vamos a dejar de darle de comer a nuestros hijos'\u00bb, cuestion\u00f3 el intendente.<\/p>\n\n\n\n<p><strong>Cr\u00edtica a la desregulaci\u00f3n nacional<\/strong><\/p>\n\n\n\n<p>El intendente apunt\u00f3 contra las pol\u00edticas nacionales como el origen de la crisis actual, mencionando espec\u00edficamente el <strong>Decreto de Necesidad y Urgencia (DNU)<\/strong> que desregul\u00f3 la econom\u00eda y rest\u00f3 facultades al <strong>Instituto Nacional de la Yerba Mate (INYM)<\/strong>. \u00ab<strong>Tuvimos un gobierno nacional totalmente irresponsable donde a trav\u00e9s de un DNU desregul\u00f3 la econom\u00eda y en esa ca\u00edmos todos<\/strong>\u00ab, sentenci\u00f3.<\/p>\n\n\n\n<p>Gerega denunci\u00f3 que, tras esta medida, el INYM perdi\u00f3 su capacidad de fijar precios, aunque contin\u00faa recaudando a trav\u00e9s de la estampilla y la corresponsabilidad gremial. En la actualidad, los productores reciben pagos por debajo de los costos de producci\u00f3n y en plazos extendidos que lic\u00faan su rentabilidad.<\/p>\n\n\n\n<p><strong>La propuesta: un instituto provincial<\/strong><\/p>\n\n\n\n<p>Frente a este escenario, Jerega sostiene que la soluci\u00f3n debe ser estrictamente pol\u00edtica y legislativa. Su propuesta central consiste en utilizar las herramientas de la <strong>Legislatura de Misiones<\/strong> para crear un ente provincial que regule el mercado interno.<\/p>\n\n\n\n<p>\u00ab<strong>La salida debe ser pol\u00edtica, el di\u00e1logo y buscar el consenso&#8230; la creaci\u00f3n de un instituto, ll\u00e1mese como quiera, donde el productor pueda sostener su rentabilidad<\/strong>\u00ab, propuso. Este organismo tendr\u00eda como fin establecer un <strong>precio de costo m\u00e1s un margen de ganancia razonable<\/strong>, blindando al productor misionero de las competencias desleales y de la presi\u00f3n de las grandes industrias.<\/p>\n\n\n\n<p>Finalmente, el intendente subray\u00f3 que el di\u00e1logo con la industria se encuentra agotado porque las empresas no pagar\u00e1n m\u00e1s de forma voluntaria. Por ello, inst\u00f3 a los legisladores a comprometerse con una soluci\u00f3n definitiva: \u00ab<strong>No tenemos las herramientas legales para exigirle a la industria que pague m\u00e1s. Lo que tenemos que hacer es crear las leyes para que el productor tenga un respaldo<\/strong>\u00ab.<\/p>\n\n\n\n<figure class=\"wp-block-embed is-type-video is-provider-youtube wp-block-embed-youtube wp-embed-aspect-9-16 wp-has-aspect-ratio\"><div class=\"wp-block-embed__wrapper\">\n<iframe loading=\"lazy\" title=\"\u00bfEL PARO ES LA SOLUCI\u00d3N? \ud83e\uddc9\" width=\"563\" height=\"1000\" src=\"https:\/\/www.youtube.com\/embed\/hrwWfFjplTM?feature=oembed\" frameborder=\"0\" allow=\"accelerometer; autoplay; clipboard-write; encrypted-media; gyroscope; picture-in-picture; web-share\" referrerpolicy=\"strict-origin-when-cross-origin\" allowfullscreen><\/iframe>\n<\/div><figcaption>ENTREVISTA<\/figcaption><\/figure>\n","protected":false},"excerpt":{"rendered":"<p>El intendente de Tres Capones advirti&oacute; que las medidas de fuerza &laquo;destruyen la econom&iacute;a&raquo; de los peque&ntilde;os productores. Propone una salida pol&iacute;tica y la creaci&oacute;n de un instituto provincial para&hellip; <\/p>\n","protected":false},"author":4,"featured_media":38930,"comment_status":"closed","ping_status":"closed","sticky":false,"template":"","format":"standard","meta":{"_monsterinsights_skip_tracking":false,"_monsterinsights_sitenote_active":false,"_monsterinsights_sitenote_note":"","_monsterinsights_sitenote_category":0},"categories":[3],"tags":[957,527],"aioseo_notices":[],"_links":{"self":[{"href":"https:\/\/radionewsmisiones.ar\/site\/wp-json\/wp\/v2\/posts\/38929"}],"collection":[{"href":"https:\/\/radionewsmisiones.ar\/site\/wp-json\/wp\/v2\/posts"}],"about":[{"href":"https:\/\/radionewsmisiones.ar\/site\/wp-json\/wp\/v2\/types\/post"}],"author":[{"embeddable":true,"href":"https:\/\/radionewsmisiones.ar\/site\/wp-json\/wp\/v2\/users\/4"}],"replies":[{"embeddable":true,"href":"https:\/\/radionewsmisiones.ar\/site\/wp-json\/wp\/v2\/comments?post=38929"}],"version-history":[{"count":1,"href":"https:\/\/radionewsmisiones.ar\/site\/wp-json\/wp\/v2\/posts\/38929\/revisions"}],"predecessor-version":[{"id":38931,"href":"https:\/\/radionewsmisiones.ar\/site\/wp-json\/wp\/v2\/posts\/38929\/revisions\/38931"}],"wp:featuredmedia":[{"embeddable":true,"href":"https:\/\/radionewsmisiones.ar\/site\/wp-json\/wp\/v2\/media\/38930"}],"wp:attachment":[{"href":"https:\/\/radionewsmisiones.ar\/site\/wp-json\/wp\/v2\/media?parent=38929"}],"wp:term":[{"taxonomy":"category","embeddable":true,"href":"https:\/\/radionewsmisiones.ar\/site\/wp-json\/wp\/v2\/categories?post=38929"},{"taxonomy":"post_tag","embeddable":true,"href":"https:\/\/radionewsmisiones.ar\/site\/wp-json\/wp\/v2\/tags?post=38929"}],"curies":[{"name":"wp","href":"https:\/\/api.w.org\/{rel}","templated":true}]}}