{"id":38938,"date":"2026-04-27T21:01:28","date_gmt":"2026-04-28T00:01:28","guid":{"rendered":"https:\/\/radionewsmisiones.ar\/site\/?p=38938"},"modified":"2026-04-27T21:01:32","modified_gmt":"2026-04-28T00:01:32","slug":"fuerte-caida-en-la-confianza-hacia-el-gobierno-de-milei-el-indice-de-la-di-tella-se-desplomo-un-121-en-abril","status":"publish","type":"post","link":"https:\/\/radionewsmisiones.ar\/site\/nacionales\/fuerte-caida-en-la-confianza-hacia-el-gobierno-de-milei-el-indice-de-la-di-tella-se-desplomo-un-121-en-abril\/","title":{"rendered":"Fuerte ca\u00edda en la confianza hacia el Gobierno de Milei: el \u00edndice de la Di Tella se desplom\u00f3 un 12,1% en abril"},"content":{"rendered":"\n<p><strong>El humor social frente a la gesti\u00f3n oficial muestra signos de fatiga tras la cuarta baja consecutiva del a\u00f1o. La percepci\u00f3n de eficiencia estatal sufri\u00f3 el mayor retroceso, aunque la honestidad se mantiene como el atributo mejor valorado.<\/strong><\/p>\n\n\n\n<p>La confianza en la gesti\u00f3n de Javier Milei registr\u00f3 un duro rev\u00e9s durante el cuarto mes del a\u00f1o. Seg\u00fan el <strong>\u00cdndice de Confianza en el Gobierno (ICG)<\/strong>, elaborado por la Escuela de Gobierno de la Universidad Torcuato Di Tella, la medici\u00f3n se ubic\u00f3 en <strong>2,02 puntos<\/strong>, lo que representa una <strong>ca\u00edda del 12,1%<\/strong> respecto a marzo. Se trata del descenso m\u00e1s pronunciado en lo que va de 2026, acumulando una contracci\u00f3n del 17,9% desde el cierre del a\u00f1o pasado.<\/p>\n\n\n\n<p><strong>Carlos Gervasoni<\/strong>, director del departamento de Ciencia Pol\u00edtica y Estudios Internacionales de la UTDT y responsable del informe, analiz\u00f3 las cifras que sit\u00faan el promedio de la gesti\u00f3n actual en su registro m\u00e1s bajo hasta la fecha. \u00abEn abril, el ICG fue de 2,02 puntos, nivel que representa una variaci\u00f3n de -13,2% respecto de abril del a\u00f1o pasado\u00bb, se\u00f1ala el documento distribuido por su equipo.<\/p>\n\n\n\n<p><strong>Eficiencia en la mira y el peso de la honestidad<\/strong><\/p>\n\n\n\n<p>El informe detalla que los cinco componentes que integran el \u00edndice presentaron variaciones negativas, pero el golpe m\u00e1s fuerte se dio en la <strong>Eficiencia<\/strong>, que se derrumb\u00f3 un <strong>21,4%<\/strong>, alcanzando los 1,87 puntos. Seg\u00fan el reporte de Gervasoni, este componente registra as\u00ed \u00abel segundo valor m\u00e1s bajo durante la presidencia de Javier Milei\u00bb.<\/p>\n\n\n\n<p>Otros aspectos tambi\u00e9n mostraron retrocesos significativos:<\/p>\n\n\n\n<ul><li><strong>Evaluaci\u00f3n general del gobierno:<\/strong> 1,64 puntos (-17,2%).<\/li><li><strong>Preocupaci\u00f3n por el inter\u00e9s general:<\/strong> 1,61 puntos (-13,9%).<\/li><li><strong>Honestidad:<\/strong> Se mantiene como el sub\u00edndice m\u00e1s alto con 2,50 puntos, a pesar de haber ca\u00eddo un 8,4%.<\/li><\/ul>\n\n\n<div class=\"wp-block-image\">\n<figure class=\"aligncenter size-full\"><img loading=\"lazy\" width=\"680\" height=\"378\" src=\"https:\/\/radionewsmisiones.ar\/site\/wp-content\/uploads\/2026\/04\/HG8J5pJbEAAqTpm.png\" alt=\"\" class=\"wp-image-38939\" srcset=\"https:\/\/radionewsmisiones.ar\/site\/wp-content\/uploads\/2026\/04\/HG8J5pJbEAAqTpm.png 680w, https:\/\/radionewsmisiones.ar\/site\/wp-content\/uploads\/2026\/04\/HG8J5pJbEAAqTpm-300x167.png 300w\" sizes=\"(max-width: 680px) 100vw, 680px\" \/><\/figure><\/div>\n\n\n<p><strong>La brecha de g\u00e9nero y el sost\u00e9n de los j\u00f3venes<\/strong><\/p>\n\n\n\n<p>Un dato relevante del relevamiento de abril es la reducci\u00f3n de la <strong>brecha de g\u00e9nero<\/strong>. El \u00edndice entre los hombres cay\u00f3 dr\u00e1sticamente un <strong>16,9%<\/strong> (ubic\u00e1ndose en 2,16 puntos), mientras que entre las mujeres la baja fue m\u00e1s moderada, del 4,1% (1,85 puntos).<\/p>\n\n\n\n<p>En cuanto a las edades, el segmento de los <strong>j\u00f3venes de entre 18 y 29 a\u00f1os<\/strong> vuelve a aparecer como el principal basti\u00f3n de apoyo para el oficialismo. Es el \u00fanico grupo etario donde el \u00edndice creci\u00f3, con un <strong>+2,3%<\/strong>, llegando a los 2,27 puntos. En la otra vereda, el grupo de entre 30 y 49 a\u00f1os registr\u00f3 la contracci\u00f3n m\u00e1s fuerte del mes, con un -16,7%.<\/p>\n\n\n\n<p><strong>Impacto geogr\u00e1fico y educativo<\/strong><\/p>\n\n\n\n<p>El descontento se hizo sentir en todo el territorio nacional, aunque con matices. El <strong>interior del pa\u00eds<\/strong> sigue siendo la zona con mayor confianza (2,22 puntos), a pesar de sufrir una ca\u00edda del 11,9%. En el Gran Buenos Aires (GBA), el \u00edndice es notablemente m\u00e1s bajo, situ\u00e1ndose en <strong>1,67 puntos<\/strong> tras un descenso del 13%.<\/p>\n\n\n\n<p>Por \u00faltimo, el nivel educativo tambi\u00e9n marca diferencias en la percepci\u00f3n. Quienes poseen estudios terciarios o universitarios mantienen un nivel de confianza m\u00e1s alto (2,21), mientras que el mayor derrumbe se produjo entre quienes completaron el nivel secundario, con una baja del <strong>19%<\/strong>.<\/p>\n\n\n\n<p>En t\u00e9rminos comparativos, el informe destaca que, si bien el nivel actual es superior al registrado en el mismo mes de la gesti\u00f3n de Alberto Fern\u00e1ndez (+40,9%), ya se ubica por debajo de lo observado en el cuarto mes del gobierno de Mauricio Macri, cuando el ICG marcaba 2,07 puntos.<\/p>\n","protected":false},"excerpt":{"rendered":"<p>El humor social frente a la gesti&oacute;n oficial muestra signos de fatiga tras la cuarta baja consecutiva del a&ntilde;o. La percepci&oacute;n de eficiencia estatal sufri&oacute; el mayor retroceso, aunque la&hellip; <\/p>\n","protected":false},"author":4,"featured_media":38940,"comment_status":"closed","ping_status":"closed","sticky":false,"template":"","format":"standard","meta":{"_monsterinsights_skip_tracking":false,"_monsterinsights_sitenote_active":false,"_monsterinsights_sitenote_note":"","_monsterinsights_sitenote_category":0},"categories":[4],"tags":[],"aioseo_notices":[],"_links":{"self":[{"href":"https:\/\/radionewsmisiones.ar\/site\/wp-json\/wp\/v2\/posts\/38938"}],"collection":[{"href":"https:\/\/radionewsmisiones.ar\/site\/wp-json\/wp\/v2\/posts"}],"about":[{"href":"https:\/\/radionewsmisiones.ar\/site\/wp-json\/wp\/v2\/types\/post"}],"author":[{"embeddable":true,"href":"https:\/\/radionewsmisiones.ar\/site\/wp-json\/wp\/v2\/users\/4"}],"replies":[{"embeddable":true,"href":"https:\/\/radionewsmisiones.ar\/site\/wp-json\/wp\/v2\/comments?post=38938"}],"version-history":[{"count":1,"href":"https:\/\/radionewsmisiones.ar\/site\/wp-json\/wp\/v2\/posts\/38938\/revisions"}],"predecessor-version":[{"id":38941,"href":"https:\/\/radionewsmisiones.ar\/site\/wp-json\/wp\/v2\/posts\/38938\/revisions\/38941"}],"wp:featuredmedia":[{"embeddable":true,"href":"https:\/\/radionewsmisiones.ar\/site\/wp-json\/wp\/v2\/media\/38940"}],"wp:attachment":[{"href":"https:\/\/radionewsmisiones.ar\/site\/wp-json\/wp\/v2\/media?parent=38938"}],"wp:term":[{"taxonomy":"category","embeddable":true,"href":"https:\/\/radionewsmisiones.ar\/site\/wp-json\/wp\/v2\/categories?post=38938"},{"taxonomy":"post_tag","embeddable":true,"href":"https:\/\/radionewsmisiones.ar\/site\/wp-json\/wp\/v2\/tags?post=38938"}],"curies":[{"name":"wp","href":"https:\/\/api.w.org\/{rel}","templated":true}]}}