{"id":38942,"date":"2026-04-27T21:06:00","date_gmt":"2026-04-28T00:06:00","guid":{"rendered":"https:\/\/radionewsmisiones.ar\/site\/?p=38942"},"modified":"2026-04-27T21:06:05","modified_gmt":"2026-04-28T00:06:05","slug":"axel-kicillof-se-comunico-con-christian-humada-y-ratificaron-una-agenda-conjunta-para-fortalecer-el-peronismo","status":"publish","type":"post","link":"https:\/\/radionewsmisiones.ar\/site\/provinciales\/axel-kicillof-se-comunico-con-christian-humada-y-ratificaron-una-agenda-conjunta-para-fortalecer-el-peronismo\/","title":{"rendered":"Axel Kicillof se comunic\u00f3 con Christian Humada y ratificaron una agenda conjunta para fortalecer el peronismo"},"content":{"rendered":"\n<p>El gobernador de la Provincia de Buenos Aires y presidente del Partido Justicialista bonaerense, Axel Kicillof, se comunic\u00f3 con el presidente electo del Partido Justicialista de Misiones, Christian Humada, en el marco del inicio de una nueva etapa de reorganizaci\u00f3n y fortalecimiento del peronismo.<\/p>\n\n\n\n<p>Durante la conversaci\u00f3n, ambos dirigentes dialogaron sobre el escenario pol\u00edtico actual y los desaf\u00edos que se presentan tanto para el peronismo misionero como para la Provincia de Buenos Aires, coincidiendo en la necesidad de consolidar espacios de participaci\u00f3n, unidad y construcci\u00f3n pol\u00edtica con fuerte anclaje territorial.<\/p>\n\n\n\n<p>Asimismo, acordaron avanzar en una agenda de trabajo conjunto orientada al fortalecimiento institucional del Partido Justicialista en la provincia de Misiones, promoviendo la articulaci\u00f3n entre distritos y la integraci\u00f3n de experiencias de gesti\u00f3n que permitan proyectar un peronismo moderno, cercano a la sociedad y con capacidad de dar respuestas concretas.<\/p>\n\n\n\n<p>Por su parte, Christian Humada agradeci\u00f3 el contacto y la predisposici\u00f3n al trabajo conjunto, y destac\u00f3 la importancia de generar v\u00ednculos s\u00f3lidos entre las distintas jurisdicciones para potenciar el desarrollo pol\u00edtico e institucional del peronismo.<\/p>\n\n\n\n<p>Este encuentro institucional representa un paso significativo hacia la consolidaci\u00f3n de una estrategia com\u00fan, con la mirada puesta en la unidad del movimiento, el fortalecimiento partidario y el desarrollo de pol\u00edticas que respondan a las demandas actuales de la sociedad.<\/p>\n\n\n\n<p>Fuente: Partido Justicialista Misiones<\/p>\n\n\n\n<figure class=\"wp-block-image size-large\"><img loading=\"lazy\" width=\"722\" height=\"1024\" src=\"https:\/\/radionewsmisiones.ar\/site\/wp-content\/uploads\/2026\/04\/WhatsApp-Image-2026-04-27-at-21.01.35-722x1024.jpeg\" alt=\"\" class=\"wp-image-38943\" srcset=\"https:\/\/radionewsmisiones.ar\/site\/wp-content\/uploads\/2026\/04\/WhatsApp-Image-2026-04-27-at-21.01.35-722x1024.jpeg 722w, https:\/\/radionewsmisiones.ar\/site\/wp-content\/uploads\/2026\/04\/WhatsApp-Image-2026-04-27-at-21.01.35-212x300.jpeg 212w, https:\/\/radionewsmisiones.ar\/site\/wp-content\/uploads\/2026\/04\/WhatsApp-Image-2026-04-27-at-21.01.35-768x1089.jpeg 768w, https:\/\/radionewsmisiones.ar\/site\/wp-content\/uploads\/2026\/04\/WhatsApp-Image-2026-04-27-at-21.01.35-1083x1536.jpeg 1083w, https:\/\/radionewsmisiones.ar\/site\/wp-content\/uploads\/2026\/04\/WhatsApp-Image-2026-04-27-at-21.01.35.jpeg 1128w\" sizes=\"(max-width: 722px) 100vw, 722px\" \/><\/figure>\n","protected":false},"excerpt":{"rendered":"<p>El gobernador de la Provincia de Buenos Aires y presidente del Partido Justicialista bonaerense, Axel Kicillof, se comunic&oacute; con el presidente electo del Partido Justicialista de Misiones, Christian Humada, en&hellip; <\/p>\n","protected":false},"author":4,"featured_media":38944,"comment_status":"closed","ping_status":"closed","sticky":false,"template":"","format":"standard","meta":{"_monsterinsights_skip_tracking":false,"_monsterinsights_sitenote_active":false,"_monsterinsights_sitenote_note":"","_monsterinsights_sitenote_category":0},"categories":[3],"tags":[],"aioseo_notices":[],"_links":{"self":[{"href":"https:\/\/radionewsmisiones.ar\/site\/wp-json\/wp\/v2\/posts\/38942"}],"collection":[{"href":"https:\/\/radionewsmisiones.ar\/site\/wp-json\/wp\/v2\/posts"}],"about":[{"href":"https:\/\/radionewsmisiones.ar\/site\/wp-json\/wp\/v2\/types\/post"}],"author":[{"embeddable":true,"href":"https:\/\/radionewsmisiones.ar\/site\/wp-json\/wp\/v2\/users\/4"}],"replies":[{"embeddable":true,"href":"https:\/\/radionewsmisiones.ar\/site\/wp-json\/wp\/v2\/comments?post=38942"}],"version-history":[{"count":1,"href":"https:\/\/radionewsmisiones.ar\/site\/wp-json\/wp\/v2\/posts\/38942\/revisions"}],"predecessor-version":[{"id":38945,"href":"https:\/\/radionewsmisiones.ar\/site\/wp-json\/wp\/v2\/posts\/38942\/revisions\/38945"}],"wp:featuredmedia":[{"embeddable":true,"href":"https:\/\/radionewsmisiones.ar\/site\/wp-json\/wp\/v2\/media\/38944"}],"wp:attachment":[{"href":"https:\/\/radionewsmisiones.ar\/site\/wp-json\/wp\/v2\/media?parent=38942"}],"wp:term":[{"taxonomy":"category","embeddable":true,"href":"https:\/\/radionewsmisiones.ar\/site\/wp-json\/wp\/v2\/categories?post=38942"},{"taxonomy":"post_tag","embeddable":true,"href":"https:\/\/radionewsmisiones.ar\/site\/wp-json\/wp\/v2\/tags?post=38942"}],"curies":[{"name":"wp","href":"https:\/\/api.w.org\/{rel}","templated":true}]}}