{"id":38946,"date":"2026-04-28T18:13:15","date_gmt":"2026-04-28T21:13:15","guid":{"rendered":"https:\/\/radionewsmisiones.ar\/site\/?p=38946"},"modified":"2026-04-28T18:15:37","modified_gmt":"2026-04-28T21:15:37","slug":"docentes-universitarios-denuncian-una-crisis-terminal-y-convocan-a-una-marcha-federal","status":"publish","type":"post","link":"https:\/\/radionewsmisiones.ar\/site\/provinciales\/docentes-universitarios-denuncian-una-crisis-terminal-y-convocan-a-una-marcha-federal\/","title":{"rendered":"Docentes universitarios denuncian una crisis terminal y convocan a una marcha federal"},"content":{"rendered":"\n<p><strong>El secretario general de ADUNaM, Rub\u00e9n Stasuck, advirti\u00f3 que los salarios perdieron hasta nueve sueldos frente a la inflaci\u00f3n. Denunci\u00f3 el incumplimiento de la ley de financiamiento y alert\u00f3 sobre el impacto de la crisis en la permanencia de los estudiantes y la fuga de acad\u00e9micos.<\/strong><\/p>\n\n\n\n<p>En medio de una creciente tensi\u00f3n entre el Gobierno nacional y el sector acad\u00e9mico, la comunidad universitaria se prepara para una nueva movilizaci\u00f3n masiva el pr\u00f3ximo 12 de mayo. <strong>Rub\u00e9n Stasuck, Secretario General de la Asociaci\u00f3n de Docentes de la Universidad Nacional de Misiones (ADUNaM)<\/strong>, cuestion\u00f3 las pol\u00edticas de ajuste y el pedido de un \u00abplan de contingencia\u00bb por parte del Ministerio de Capital Humano, calific\u00e1ndolo como un intento oficial de \u00abamedrentar\u00bb y eludir responsabilidades.<\/p>\n\n\n\n<p>El impacto en el bolsillo y la \u00abfuga de cerebros\u00bb<\/p>\n\n\n\n<p>Uno de los puntos m\u00e1s cr\u00edticos de la entrevista fue la cuantificaci\u00f3n del deterioro salarial. Seg\u00fan Stasuck, desde el inicio de la gesti\u00f3n de Javier Milei, se calcula que <strong>cada trabajador universitario perdi\u00f3 entre siete y nueve salarios<\/strong> debido a una desactualizaci\u00f3n frente a la inflaci\u00f3n. \u00abLa inflaci\u00f3n fue por un carril muy r\u00e1pido y las actualizaciones salariales van por otro\u00bb, grafic\u00f3 el dirigente.<\/p>\n\n\n\n<p>Esta situaci\u00f3n est\u00e1 provocando una erosi\u00f3n sin precedentes en la excelencia acad\u00e9mica. Stasuck alert\u00f3 sobre la p\u00e9rdida de una <strong>\u00abmasa cr\u00edtica\u00bb<\/strong> de docentes formados, con a\u00f1os de trayectoria en investigaci\u00f3n y extensi\u00f3n, que ante la insuficiencia de sus ingresos optan por el sobreempleo, emprendimientos privados o, en los casos m\u00e1s graves, <strong>irse del pa\u00eds<\/strong>. \u00abNo hay nadie m\u00e1s preocupado por la educaci\u00f3n universitaria que el propio docente\u00bb, sentenci\u00f3 para desestimar las cr\u00edticas oficiales.<\/p>\n\n\n\n<p>Denuncia por incumplimiento de la ley<\/p>\n\n\n\n<p>El titular de ADUNaM subray\u00f3 que el conflicto no es solo salarial, sino legal. Denunci\u00f3 el <strong>incumplimiento de la Ley Universitaria 27.795<\/strong> y la falta de di\u00e1logo formal, asegurando que los gremios no son convocados a paritarias desde octubre de 2024.<\/p>\n\n\n\n<p>Respecto a las comunicaciones del Ministerio de Capital Humano que solicitan planes de contingencia para garantizar el dictado de clases, Stasuck fue tajante: \u00abEs una intenci\u00f3n de invertir la culpa con respecto a los incumplimientos de la educaci\u00f3n. El problema concreto de no atender la problem\u00e1tica educativa es propio del gobierno\u00bb.<\/p>\n\n\n\n<figure class=\"wp-block-image size-large\"><img loading=\"lazy\" width=\"724\" height=\"1024\" src=\"https:\/\/radionewsmisiones.ar\/site\/wp-content\/uploads\/2026\/04\/WhatsApp-Image-2026-04-28-at-12.17.04-724x1024.jpeg\" alt=\"\" class=\"wp-image-38948\" srcset=\"https:\/\/radionewsmisiones.ar\/site\/wp-content\/uploads\/2026\/04\/WhatsApp-Image-2026-04-28-at-12.17.04-724x1024.jpeg 724w, https:\/\/radionewsmisiones.ar\/site\/wp-content\/uploads\/2026\/04\/WhatsApp-Image-2026-04-28-at-12.17.04-212x300.jpeg 212w, https:\/\/radionewsmisiones.ar\/site\/wp-content\/uploads\/2026\/04\/WhatsApp-Image-2026-04-28-at-12.17.04-768x1086.jpeg 768w, https:\/\/radionewsmisiones.ar\/site\/wp-content\/uploads\/2026\/04\/WhatsApp-Image-2026-04-28-at-12.17.04-1086x1536.jpeg 1086w, https:\/\/radionewsmisiones.ar\/site\/wp-content\/uploads\/2026\/04\/WhatsApp-Image-2026-04-28-at-12.17.04.jpeg 1131w\" sizes=\"(max-width: 724px) 100vw, 724px\" \/><figcaption><strong>COMUNICADO DE PRENSA<\/strong><\/figcaption><\/figure>\n\n\n\n<p>Estudiantes en riesgo y deserci\u00f3n<\/p>\n\n\n\n<p>La crisis tambi\u00e9n golpea de lleno el claustro estudiantil. En la Universidad Nacional de Misiones se percibe una fuerte <strong>inestabilidad en la permanencia dentro del aula<\/strong>. Si bien el n\u00famero de inscriptos es importante, las dificultades econ\u00f3micas de las familias \u2014muchas dependientes de salarios o peque\u00f1os emprendimientos\u2014 dificultan el sostenimiento de los hijos en la educaci\u00f3n superior.<\/p>\n\n\n\n<p>\u00abLas becas son insuficientes y el comedor no llega a todos los estudiantes universitarios de Misiones\u00bb, explic\u00f3 Stasuck. Esta realidad obliga a muchos alumnos a buscar trabajos que terminan afectando su rendimiento acad\u00e9mico o forz\u00e1ndolos a abandonar sus estudios.<\/p>\n\n\n\n<p>Convocatoria a la Marcha Federal<\/p>\n\n\n\n<p>Ante el agotamiento de las instancias de di\u00e1logo, todas las federaciones docentes, el consejo de rectores y las organizaciones estudiantiles (FUA) han convocado a la <strong>cuarta Marcha Federal Universitaria para el 12 de mayo<\/strong>.<\/p>\n\n\n\n<p>En la provincia de Misiones, la intersindical universitaria \u2014que agrupa a trabajadores y centros de estudiantes\u2014 convoca a toda la sociedad a manifestarse. En la ciudad de <strong>Posadas, el punto de concentraci\u00f3n ser\u00e1 el M\u00e1stil a partir de las 14:00 horas<\/strong>. El objetivo, seg\u00fan Stasuck, es \u00abhacer visible este reclamo\u00bb ante la falta de respuestas estatales que garanticen el funcionamiento b\u00e1sico del sistema universitario.<\/p>\n\n\n\n<figure class=\"wp-block-embed is-type-rich is-provider-spotify wp-block-embed-spotify wp-embed-aspect-21-9 wp-has-aspect-ratio\"><div class=\"wp-block-embed__wrapper\">\n<iframe title=\"Spotify Embed: Universidad en crisis: \u00bfPor qu\u00e9 marchamos el 12 de mayo?\" style=\"border-radius: 12px\" width=\"100%\" height=\"152\" frameborder=\"0\" allowfullscreen allow=\"autoplay; clipboard-write; encrypted-media; fullscreen; picture-in-picture\" loading=\"lazy\" src=\"https:\/\/open.spotify.com\/embed\/episode\/48NXlxPjhHdRf7rZ30hOv4?si=4fbef4bb445c437f&amp;utm_source=oembed\"><\/iframe>\n<\/div><figcaption><strong>ENTREVISTA<\/strong><\/figcaption><\/figure>\n","protected":false},"excerpt":{"rendered":"<p>El secretario general de ADUNaM, Rub&eacute;n Stasuck, advirti&oacute; que los salarios perdieron hasta nueve sueldos frente a la inflaci&oacute;n. Denunci&oacute; el incumplimiento de la ley de financiamiento y alert&oacute; sobre&hellip; <\/p>\n","protected":false},"author":4,"featured_media":38947,"comment_status":"closed","ping_status":"closed","sticky":false,"template":"","format":"standard","meta":{"_monsterinsights_skip_tracking":false,"_monsterinsights_sitenote_active":false,"_monsterinsights_sitenote_note":"","_monsterinsights_sitenote_category":0},"categories":[3],"tags":[851,796],"aioseo_notices":[],"_links":{"self":[{"href":"https:\/\/radionewsmisiones.ar\/site\/wp-json\/wp\/v2\/posts\/38946"}],"collection":[{"href":"https:\/\/radionewsmisiones.ar\/site\/wp-json\/wp\/v2\/posts"}],"about":[{"href":"https:\/\/radionewsmisiones.ar\/site\/wp-json\/wp\/v2\/types\/post"}],"author":[{"embeddable":true,"href":"https:\/\/radionewsmisiones.ar\/site\/wp-json\/wp\/v2\/users\/4"}],"replies":[{"embeddable":true,"href":"https:\/\/radionewsmisiones.ar\/site\/wp-json\/wp\/v2\/comments?post=38946"}],"version-history":[{"count":2,"href":"https:\/\/radionewsmisiones.ar\/site\/wp-json\/wp\/v2\/posts\/38946\/revisions"}],"predecessor-version":[{"id":38950,"href":"https:\/\/radionewsmisiones.ar\/site\/wp-json\/wp\/v2\/posts\/38946\/revisions\/38950"}],"wp:featuredmedia":[{"embeddable":true,"href":"https:\/\/radionewsmisiones.ar\/site\/wp-json\/wp\/v2\/media\/38947"}],"wp:attachment":[{"href":"https:\/\/radionewsmisiones.ar\/site\/wp-json\/wp\/v2\/media?parent=38946"}],"wp:term":[{"taxonomy":"category","embeddable":true,"href":"https:\/\/radionewsmisiones.ar\/site\/wp-json\/wp\/v2\/categories?post=38946"},{"taxonomy":"post_tag","embeddable":true,"href":"https:\/\/radionewsmisiones.ar\/site\/wp-json\/wp\/v2\/tags?post=38946"}],"curies":[{"name":"wp","href":"https:\/\/api.w.org\/{rel}","templated":true}]}}