{"id":38951,"date":"2026-04-28T18:24:21","date_gmt":"2026-04-28T21:24:21","guid":{"rendered":"https:\/\/radionewsmisiones.ar\/site\/?p=38951"},"modified":"2026-04-28T18:24:25","modified_gmt":"2026-04-28T21:24:25","slug":"misiones-amortigua-el-impacto-de-la-suba-de-la-luz-con-financiamiento-propio-ante-el-ajuste-nacional-en-subsidios","status":"publish","type":"post","link":"https:\/\/radionewsmisiones.ar\/site\/provinciales\/misiones-amortigua-el-impacto-de-la-suba-de-la-luz-con-financiamiento-propio-ante-el-ajuste-nacional-en-subsidios\/","title":{"rendered":"Misiones amortigua el impacto de la suba de la luz con financiamiento propio ante el ajuste nacional en subsidios"},"content":{"rendered":"\n<p>El Gobierno de Misiones puso en marcha una soluci\u00f3n concreta para amortiguar el impacto de las fuertes subas en las facturas de electricidad, generadas tras la reducci\u00f3n del tope de consumo subsidiado dispuesta a nivel nacional. La medida busca dar un respiro inmediato a miles de hogares que vieron dispararse sus boletas en los \u00faltimos meses.<\/p>\n\n\n\n<p>La iniciativa consiste en una financiaci\u00f3n autom\u00e1tica y sin intereses aplicada directamente en la factura. Seg\u00fan explic\u00f3 Adri\u00e1n Rivero, representante de la empresa Energ\u00eda de Misiones, los usuarios ver\u00e1n en sus boletas un \u00edtem denominado \u201cFinanciaci\u00f3n Gobierno Provincia de Misiones\u201d, que reducir\u00e1 el monto total a pagar en el vencimiento de mayo.<\/p>\n\n\n\n<p>El importe descontado no se elimina, sino que se distribuye en dos cuotas iguales que ser\u00e1n incorporadas en las facturas de junio y julio. La medida alcanza exclusivamente a usuarios residenciales de la categor\u00eda \u201ccasa habitaci\u00f3n\u201d que ya cuentan con subsidios nacionales, y se aplica de manera autom\u00e1tica, sin necesidad de realizar tr\u00e1mites.<\/p>\n\n\n\n<p>Desde el Gobierno provincial indicaron que el costo fiscal de esta asistencia ronda los 2.800 millones de pesos y beneficiar\u00e1 a unos 173.000 usuarios. La decisi\u00f3n se tom\u00f3 tras el rechazo del pedido para que marzo fuera considerado un mes de altas temperaturas, lo que habr\u00eda permitido mantener un tope de consumo subsidiado m\u00e1s alto.<\/p>\n\n\n\n<p>En paralelo, crece la preocupaci\u00f3n por el aumento de la morosidad, que pas\u00f3 del promedio habitual del 8 al 10% a un 15% en febrero. Desde la prestataria recordaron que las facturas vencidas por m\u00e1s de 30 d\u00edas pueden derivar en cortes del servicio, por lo que instaron a los usuarios a aprovechar este esquema transitorio que busca hacer m\u00e1s llevadero el pago en un contexto econ\u00f3mico complejo.<\/p>\n","protected":false},"excerpt":{"rendered":"<p>El Gobierno de Misiones puso en marcha una soluci&oacute;n concreta para amortiguar el impacto de las fuertes subas en las facturas de electricidad, generadas tras la reducci&oacute;n del tope de&hellip; <\/p>\n","protected":false},"author":4,"featured_media":38952,"comment_status":"closed","ping_status":"closed","sticky":false,"template":"","format":"standard","meta":{"_monsterinsights_skip_tracking":false,"_monsterinsights_sitenote_active":false,"_monsterinsights_sitenote_note":"","_monsterinsights_sitenote_category":0},"categories":[3],"tags":[],"aioseo_notices":[],"_links":{"self":[{"href":"https:\/\/radionewsmisiones.ar\/site\/wp-json\/wp\/v2\/posts\/38951"}],"collection":[{"href":"https:\/\/radionewsmisiones.ar\/site\/wp-json\/wp\/v2\/posts"}],"about":[{"href":"https:\/\/radionewsmisiones.ar\/site\/wp-json\/wp\/v2\/types\/post"}],"author":[{"embeddable":true,"href":"https:\/\/radionewsmisiones.ar\/site\/wp-json\/wp\/v2\/users\/4"}],"replies":[{"embeddable":true,"href":"https:\/\/radionewsmisiones.ar\/site\/wp-json\/wp\/v2\/comments?post=38951"}],"version-history":[{"count":1,"href":"https:\/\/radionewsmisiones.ar\/site\/wp-json\/wp\/v2\/posts\/38951\/revisions"}],"predecessor-version":[{"id":38953,"href":"https:\/\/radionewsmisiones.ar\/site\/wp-json\/wp\/v2\/posts\/38951\/revisions\/38953"}],"wp:featuredmedia":[{"embeddable":true,"href":"https:\/\/radionewsmisiones.ar\/site\/wp-json\/wp\/v2\/media\/38952"}],"wp:attachment":[{"href":"https:\/\/radionewsmisiones.ar\/site\/wp-json\/wp\/v2\/media?parent=38951"}],"wp:term":[{"taxonomy":"category","embeddable":true,"href":"https:\/\/radionewsmisiones.ar\/site\/wp-json\/wp\/v2\/categories?post=38951"},{"taxonomy":"post_tag","embeddable":true,"href":"https:\/\/radionewsmisiones.ar\/site\/wp-json\/wp\/v2\/tags?post=38951"}],"curies":[{"name":"wp","href":"https:\/\/api.w.org\/{rel}","templated":true}]}}