{"id":38954,"date":"2026-04-28T18:46:00","date_gmt":"2026-04-28T21:46:00","guid":{"rendered":"https:\/\/radionewsmisiones.ar\/site\/?p=38954"},"modified":"2026-04-28T18:46:04","modified_gmt":"2026-04-28T21:46:04","slug":"leandro-n-alem-inaugurara-su-primer-centro-de-diagnostico-del-cancer-de-piel","status":"publish","type":"post","link":"https:\/\/radionewsmisiones.ar\/site\/provinciales\/leandro-n-alem-inaugurara-su-primer-centro-de-diagnostico-del-cancer-de-piel\/","title":{"rendered":"Leandro N. Alem inaugurar\u00e1 su primer Centro de Diagn\u00f3stico del C\u00e1ncer de Piel"},"content":{"rendered":"\n<p><strong>Un anhelo hist\u00f3rico de la comunidad se concretar\u00e1 este martes con la puesta en funcionamiento de modernas instalaciones financiadas \u00edntegramente por el municipio<\/strong><\/p>\n\n\n\n<p><strong>LEANDRO N. ALEM<\/strong> \u2013 Este martes 28 de abril de 2026, a las 18 horas, ser\u00e1 inaugurado oficialmente el Centro de Diagn\u00f3stico del C\u00e1ncer de Piel y otras enfermedades, una obra que materializa un anhelo de d\u00e9cadas de la Asociaci\u00f3n de Lucha Contra del C\u00e1ncer de Alem (ALCCA) y que posiciona a la localidad misionera como pionera en la provincia en materia de atenci\u00f3n oncol\u00f3gica especializada.<\/p>\n\n\n\n<p>El edificio, construido \u00edntegramente con recursos de la Municipalidad de Leandro N. Alem, cuenta con instalaciones distribuidas estrat\u00e9gicamente para optimizar la atenci\u00f3n de pacientes. La infraestructura incluye una sala de espera de 20 metros cuadrados, un quir\u00f3fano equipado de 31,6 m\u00b2, un \u00e1rea de laboratorio y sala de reuniones de 31 m\u00b2, un dep\u00f3sito de 6 m\u00b2, un ba\u00f1o de 3,5 m\u00b2, adem\u00e1s de un patio interno y galer\u00edas de ingreso que garantizan accesibilidad y confort.<\/p>\n\n\n\n<p>En di\u00e1logo con los medios el intendente Mat\u00edas Sebely destac\u00f3 el cumplimiento de un compromiso que asumi\u00f3 p\u00fablicamente el pasado 1 de marzo, cuando en su discurso ante la comunidad anunci\u00f3 la decisi\u00f3n de construir este centro y estableci\u00f3 los plazos para su concreci\u00f3n. \u00abHace poco m\u00e1s de un a\u00f1o asum\u00ed el compromiso de que Leandro N. Alem tendr\u00eda su propio Centro de Diagn\u00f3stico del C\u00e1ncer de Piel. No fue una promesa vac\u00eda, fue un compromiso con plazos concretos y con la firme convicci\u00f3n de que est\u00e1bamos respondiendo a una necesidad urgente y a un reclamo hist\u00f3rico de ALCCA, una instituci\u00f3n que durante a\u00f1os trabaj\u00f3 incansablemente por este sue\u00f1o\u00bb, expresar\u00e1 el jefe comunal.<\/p>\n\n\n\n<p>Sebely profundizar\u00e1 sobre el proceso de construcci\u00f3n y la importancia de haber cumplido en tiempo y forma: \u00abtrabajamos sin descanso. Cada peso invertido en este edificio provino de las arcas municipales, de la administraci\u00f3n responsable de los recursos de todos los alemenses. Fueron meses de planificaci\u00f3n, de coordinaci\u00f3n con profesionales de la salud, de escuchar las necesidades de ALCCA, de dise\u00f1ar cada metro cuadrado pensando en la dignidad de quienes van a ser atendidos aqu\u00ed. Y lo logramos. Hoy estamos inaugurando un centro que no solo cumple, sino que supera las expectativas\u00bb.<\/p>\n\n\n\n<p>El intendente subray\u00f3 la trascendencia sanitaria y social del centro diciendo que \u00abhoy ponemos en funcionamiento un centro \u00fanico d\u00f3nde nuestros vecinos ya no tendr\u00e1n que viajar cientos de kil\u00f3metros hasta Posadas o Corrientes para acceder a diagn\u00f3sticos especializados. Estamos hablando de salvar vidas, de detecci\u00f3n temprana, de dignidad en la atenci\u00f3n, de ahorrarle a las familias el sufrimiento de largos viajes cuando est\u00e1n atravesando momentos dif\u00edciles\u00bb.<\/p>\n\n\n\n<p>Sobre el impacto regional, Sebely agregar\u00e1: \u00abEste centro convierte a Leandro N. Alem en un polo de referencia sanitaria para toda la zona centro de Misiones y tenemos el deber de mantener este centro funcionando con excelencia, con profesionales capacitados, con equipamiento de primera l\u00ednea\u00bb.<\/p>\n\n\n\n<p><strong>Trabajo solidario<\/strong><\/p>\n\n\n\n<p>Un eje de gesti\u00f3n clave es el rol fundamental de ALCCA en la concreci\u00f3n del proyecto siendo la misma \u201cel resultado del trabajo conjunto entre el Estado municipal y las organizaciones de la sociedad civil que nunca bajaron los brazos. ALCCA fue el motor de este sue\u00f1o durante d\u00e9cadas. Ellos pusieron el coraz\u00f3n, la perseverancia, el compromiso con la comunidad. Nosotros, desde el municipio, pusimos los recursos y la decisi\u00f3n pol\u00edtica. Juntos hicimos posible lo que parec\u00eda imposible. Este centro no es del intendente, no es de la municipalidad, es de todos los alemenses, es de ALCCA, es de cada persona que luch\u00f3 por esto durante a\u00f1os\u00bb dec\u00eda Sebely.<\/p>\n\n\n\n<p>La inauguraci\u00f3n del Centro de Diagn\u00f3stico del C\u00e1ncer de Piel representa un hito en la historia sanitaria de Leandro N. Alem y un modelo de gesti\u00f3n p\u00fablica comprometida con la salud comunitaria. A partir de este martes, Misiones contar\u00e1 con una herramienta fundamental en la lucha contra el c\u00e1ncer, ubicada estrat\u00e9gicamente en el coraz\u00f3n de la regi\u00f3n.<\/p>\n\n\n<div class=\"wp-block-image\">\n<figure class=\"aligncenter size-large\"><img loading=\"lazy\" width=\"461\" height=\"1024\" src=\"https:\/\/radionewsmisiones.ar\/site\/wp-content\/uploads\/2026\/04\/WhatsApp-Image-2026-04-28-at-09.49.50-461x1024.jpeg\" alt=\"\" class=\"wp-image-38955\" srcset=\"https:\/\/radionewsmisiones.ar\/site\/wp-content\/uploads\/2026\/04\/WhatsApp-Image-2026-04-28-at-09.49.50-461x1024.jpeg 461w, https:\/\/radionewsmisiones.ar\/site\/wp-content\/uploads\/2026\/04\/WhatsApp-Image-2026-04-28-at-09.49.50-135x300.jpeg 135w, https:\/\/radionewsmisiones.ar\/site\/wp-content\/uploads\/2026\/04\/WhatsApp-Image-2026-04-28-at-09.49.50-691x1536.jpeg 691w, https:\/\/radionewsmisiones.ar\/site\/wp-content\/uploads\/2026\/04\/WhatsApp-Image-2026-04-28-at-09.49.50.jpeg 720w\" sizes=\"(max-width: 461px) 100vw, 461px\" \/><\/figure><\/div>","protected":false},"excerpt":{"rendered":"<p>Un anhelo hist&oacute;rico de la comunidad se concretar&aacute; este martes con la puesta en funcionamiento de modernas instalaciones financiadas &iacute;ntegramente por el municipio LEANDRO N. ALEM &ndash; Este martes 28&hellip; <\/p>\n","protected":false},"author":4,"featured_media":38955,"comment_status":"closed","ping_status":"closed","sticky":false,"template":"","format":"standard","meta":{"_monsterinsights_skip_tracking":false,"_monsterinsights_sitenote_active":false,"_monsterinsights_sitenote_note":"","_monsterinsights_sitenote_category":0},"categories":[3],"tags":[412],"aioseo_notices":[],"_links":{"self":[{"href":"https:\/\/radionewsmisiones.ar\/site\/wp-json\/wp\/v2\/posts\/38954"}],"collection":[{"href":"https:\/\/radionewsmisiones.ar\/site\/wp-json\/wp\/v2\/posts"}],"about":[{"href":"https:\/\/radionewsmisiones.ar\/site\/wp-json\/wp\/v2\/types\/post"}],"author":[{"embeddable":true,"href":"https:\/\/radionewsmisiones.ar\/site\/wp-json\/wp\/v2\/users\/4"}],"replies":[{"embeddable":true,"href":"https:\/\/radionewsmisiones.ar\/site\/wp-json\/wp\/v2\/comments?post=38954"}],"version-history":[{"count":1,"href":"https:\/\/radionewsmisiones.ar\/site\/wp-json\/wp\/v2\/posts\/38954\/revisions"}],"predecessor-version":[{"id":38956,"href":"https:\/\/radionewsmisiones.ar\/site\/wp-json\/wp\/v2\/posts\/38954\/revisions\/38956"}],"wp:featuredmedia":[{"embeddable":true,"href":"https:\/\/radionewsmisiones.ar\/site\/wp-json\/wp\/v2\/media\/38955"}],"wp:attachment":[{"href":"https:\/\/radionewsmisiones.ar\/site\/wp-json\/wp\/v2\/media?parent=38954"}],"wp:term":[{"taxonomy":"category","embeddable":true,"href":"https:\/\/radionewsmisiones.ar\/site\/wp-json\/wp\/v2\/categories?post=38954"},{"taxonomy":"post_tag","embeddable":true,"href":"https:\/\/radionewsmisiones.ar\/site\/wp-json\/wp\/v2\/tags?post=38954"}],"curies":[{"name":"wp","href":"https:\/\/api.w.org\/{rel}","templated":true}]}}