{"id":39304,"date":"2026-08-31T20:38:32","date_gmt":"2026-08-31T23:38:32","guid":{"rendered":"https:\/\/radionewsmisiones.ar\/site\/?p=39304"},"modified":"2026-08-31T20:40:08","modified_gmt":"2026-08-31T23:40:08","slug":"lionel-messi-anuncio-su-retiro-de-la-seleccion-argentina","status":"publish","type":"post","link":"https:\/\/radionewsmisiones.ar\/site\/nacionales\/lionel-messi-anuncio-su-retiro-de-la-seleccion-argentina\/","title":{"rendered":"Lionel Messi anunci\u00f3 su retiro de la Selecci\u00f3n Argentina"},"content":{"rendered":"\n<p>Buenos Aires. Lionel Messi confirm\u00f3 este lunes su retiro de la Selecci\u00f3n argentina de f\u00fatbol, despu\u00e9s de m\u00e1s de dos d\u00e9cadas como jugador de la Albiceleste. El capit\u00e1n, de 39 a\u00f1os, dio a conocer la noticia a trav\u00e9s de una carta y un video publicados en sus redes sociales.<\/p>\n\n\n\n<p><strong>El anuncio<\/strong><\/p>\n\n\n\n<p>Seg\u00fan reconstruy\u00f3 Infobae, Messi tom\u00f3 la decisi\u00f3n el 21 de julio pasado, luego de la derrota ante Espa\u00f1a en la final del Mundial 2026, y d\u00edas antes de la muerte de su padre. En el mensaje que comparti\u00f3, el astro rosarino admiti\u00f3 que se trata de una resoluci\u00f3n dif\u00edcil, aunque entiende que lleg\u00f3 el momento de dar este paso tras m\u00e1s de veinte a\u00f1os de carrera con la camiseta nacional.<br><\/p>\n\n\n\n<p>En el texto, Messi remarc\u00f3 que siempre se entreg\u00f3 al m\u00e1ximo por la camiseta, no solo en los a\u00f1os en que gan\u00f3 t\u00edtulos sino tambi\u00e9n antes, buscando darle alegr\u00edas al pa\u00eds.<br>Infobae<\/p>\n\n\n\n<p><strong>Por qu\u00e9 lo confirma reci\u00e9n ahora<\/strong><\/p>\n\n\n\n<p>CNN detalla un dato clave sobre los tiempos del anuncio: Messi hab\u00eda escrito esas palabras originalmente el 21 de julio, dos d\u00edas despu\u00e9s de la final perdida, pero decidi\u00f3 hacerlas p\u00fablicas reci\u00e9n ahora, tras la muerte de su padre y representante, Jorge Messi, ocurrida el 8 de agosto. Seg\u00fan explic\u00f3 el propio jugador, ese hecho lo dej\u00f3 a\u00fan m\u00e1s convencido de la decisi\u00f3n que ya hab\u00eda tomado.<br>CNN<\/p>\n\n\n\n<p><strong>Un cierre de ciclo con la Selecci\u00f3n<\/strong><\/p>\n\n\n\n<p>El capit\u00e1n se despide con un palmar\u00e9s hist\u00f3rico: la Copa Am\u00e9rica 2021, la Finalissima 2022, la Copa del Mundo de Qatar 2022 y la Copa Am\u00e9rica 2024, adem\u00e1s de las finales mundialistas de 2014 y 2026 (esta \u00faltima perdida ante Espa\u00f1a). Fue, adem\u00e1s, la sexta y \u00faltima participaci\u00f3n de Messi en una Copa del Mundo, donde marc\u00f3 ocho goles en la reciente edici\u00f3n disputada en Estados Unidos, M\u00e9xico y Canad\u00e1.<\/p>\n\n\n\n<p><strong>Lo que se especulaba antes del anuncio<\/strong><\/p>\n\n\n\n<p>Tras la final de julio hab\u00edan circulado versiones \u2014recogidas en su momento por medios deportivos internacionales\u2014 sobre un plan del entorno del jugador para organizar un partido especial de despedida en Argentina antes de confirmar el retiro definitivo, de manera de darle a los hinchas la chance de acompa\u00f1arlo en persona. El anuncio de hoy no aclara si ese homenaje formal todav\u00eda podr\u00eda concretarse m\u00e1s adelante.<\/p>\n\n\n\n<p><strong>Las reacciones<\/strong><\/p>\n\n\n\n<p>La noticia gener\u00f3 una fuerte repercusi\u00f3n inmediata: varios de sus excompa\u00f1eros de selecci\u00f3n lo despidieron con mensajes en redes sociales, en una jornada que distintos medios describen como el cierre definitivo de una de las etapas m\u00e1s exitosas en la historia del f\u00fatbol argentino.<\/p>\n","protected":false},"excerpt":{"rendered":"<p>Buenos Aires. Lionel Messi confirm&oacute; este lunes su retiro de la Selecci&oacute;n argentina de f&uacute;tbol, despu&eacute;s de m&aacute;s de dos d&eacute;cadas como jugador de la Albiceleste. El capit&aacute;n, de 39&hellip; <\/p>\n","protected":false},"author":4,"featured_media":39305,"comment_status":"closed","ping_status":"closed","sticky":false,"template":"","format":"standard","meta":{"_monsterinsights_skip_tracking":false},"categories":[4],"tags":[],"aioseo_notices":[],"_links":{"self":[{"href":"https:\/\/radionewsmisiones.ar\/site\/wp-json\/wp\/v2\/posts\/39304"}],"collection":[{"href":"https:\/\/radionewsmisiones.ar\/site\/wp-json\/wp\/v2\/posts"}],"about":[{"href":"https:\/\/radionewsmisiones.ar\/site\/wp-json\/wp\/v2\/types\/post"}],"author":[{"embeddable":true,"href":"https:\/\/radionewsmisiones.ar\/site\/wp-json\/wp\/v2\/users\/4"}],"replies":[{"embeddable":true,"href":"https:\/\/radionewsmisiones.ar\/site\/wp-json\/wp\/v2\/comments?post=39304"}],"version-history":[{"count":3,"href":"https:\/\/radionewsmisiones.ar\/site\/wp-json\/wp\/v2\/posts\/39304\/revisions"}],"predecessor-version":[{"id":39308,"href":"https:\/\/radionewsmisiones.ar\/site\/wp-json\/wp\/v2\/posts\/39304\/revisions\/39308"}],"wp:featuredmedia":[{"embeddable":true,"href":"https:\/\/radionewsmisiones.ar\/site\/wp-json\/wp\/v2\/media\/39305"}],"wp:attachment":[{"href":"https:\/\/radionewsmisiones.ar\/site\/wp-json\/wp\/v2\/media?parent=39304"}],"wp:term":[{"taxonomy":"category","embeddable":true,"href":"https:\/\/radionewsmisiones.ar\/site\/wp-json\/wp\/v2\/categories?post=39304"},{"taxonomy":"post_tag","embeddable":true,"href":"https:\/\/radionewsmisiones.ar\/site\/wp-json\/wp\/v2\/tags?post=39304"}],"curies":[{"name":"wp","href":"https:\/\/api.w.org\/{rel}","templated":true}]}}