{"id":519,"date":"2022-08-08T19:34:43","date_gmt":"2022-08-08T22:34:43","guid":{"rendered":"https:\/\/radionewsmisiones.ar\/site\/?p=519"},"modified":"2022-08-08T19:34:44","modified_gmt":"2022-08-08T22:34:44","slug":"parque-de-la-salud-en-los-servicios-criticos-del-hospital-escuela-trabajan-mas-de-220-enfermeros-as","status":"publish","type":"post","link":"https:\/\/radionewsmisiones.ar\/site\/provinciales\/parque-de-la-salud-en-los-servicios-criticos-del-hospital-escuela-trabajan-mas-de-220-enfermeros-as\/","title":{"rendered":"Parque de la Salud: En los servicios cr\u00edticos del Hospital Escuela trabajan m\u00e1s de 220 enfermeros\/as"},"content":{"rendered":"\n<p>Desde el Hospital Escuela de Agudos \u201cDr. Ram\u00f3n Madariaga\u201d destacan el rol de enfermer\u00eda en los servicios cr\u00edticos. Resaltan la actualizaci\u00f3n permanente, las capacidades humanas, t\u00e9cnicas e intelectuales. En las \u00e1reas cr\u00edticas trabajan m\u00e1s de 220 enfermeros\/ras.<\/p>\n\n\n\n<figure class=\"wp-block-image size-large\"><img loading=\"lazy\" width=\"904\" height=\"1024\" src=\"https:\/\/radionewsmisiones.ar\/site\/wp-content\/uploads\/2022\/08\/enfermeria-904x1024.jpg\" alt=\"\" class=\"wp-image-520\" srcset=\"https:\/\/radionewsmisiones.ar\/site\/wp-content\/uploads\/2022\/08\/enfermeria-904x1024.jpg 904w, https:\/\/radionewsmisiones.ar\/site\/wp-content\/uploads\/2022\/08\/enfermeria-265x300.jpg 265w, https:\/\/radionewsmisiones.ar\/site\/wp-content\/uploads\/2022\/08\/enfermeria-768x870.jpg 768w, https:\/\/radionewsmisiones.ar\/site\/wp-content\/uploads\/2022\/08\/enfermeria.jpg 1000w\" sizes=\"(max-width: 904px) 100vw, 904px\" \/><\/figure>\n\n\n\n<p>En este contexto, el responsable del Servicio de Enfermer\u00eda Cr\u00edtica, Lic. Nicol\u00e1s Muols, se refiri\u00f3 al alcance de enfermer\u00eda cr\u00edtica. \u201cAbarca los servicios de Emergencias, Terapia Intensiva, Unidad Coronaria, Hemodinamia, Quir\u00f3fano y tambi\u00e9n el sector de terapia sat\u00e9lite\u201d.<\/p>\n\n\n\n<p>Adem\u00e1s, el Profesional se refiri\u00f3 al staff con el que cuentan. \u201cActualmente en todo el \u00c1rea Cr\u00edtica trabajan m\u00e1s de 220 enfermeros, entre ellos m\u00e1s de la mitad son licenciados en enfermer\u00eda, m\u00e1s del 10% est\u00e1 realizando postgrados como ser especializaciones y maestr\u00edas\u201d.<\/p>\n\n\n\n<p>En tanto que, detall\u00f3 el enfermero en cuidados cr\u00edticos, tiene capacidades humanas, t\u00e9cnicas e intelectuales, cumple un rol protag\u00f3nico con la familia y con el paciente.<\/p>\n\n\n\n<p>A ello, agreg\u00f3 que deben contar con conocimientos de equipos biom\u00e9dicos, como ser: bombas infusoras, aparatos de respiraci\u00f3n mec\u00e1nicas, espirometr\u00edas.<\/p>\n\n\n\n<p>Otro tema que resalt\u00f3 el Licenciado, fue el del campo de la docencia e investigaci\u00f3n. \u201cContamos con un sector de coordinaci\u00f3n docente en enfermer\u00eda para trabajar en la actualizaci\u00f3n del personal en forma permanente, esto demuestra un gran compromiso con la comunidad, asegurando que el personal de enfermer\u00eda est\u00e1 trabajando con calidad\u201d.<\/p>\n\n\n\n<p>En la misma l\u00ednea, mencion\u00f3 que cuentan a residencia en cuidados cr\u00edticos con 5 residentes en primer a\u00f1o y 1 en la eta final.<\/p>\n\n\n\n<p>Mientras que, la Lic. Yanina Almeida, de Cuidados Cr\u00edticos, hizo hincapi\u00e9 en la diferencia entre un paciente cr\u00edtico y otro que se encuentra en una internaci\u00f3n general. \u201cSe trata de un paciente que est\u00e1 inestable, en riesgo potencial, por lo que el personal de enfermer\u00eda debe contar con un perfil acorde para desempe\u00f1arse en esta \u00e1rea que requiere habilidades y destrezas para hacer frente a eventos que son potenciales o ponen en riesgo la vida del paciente\u201d.<\/p>\n\n\n\n<p>Finalmente y del mismo modo que el Lic. Nicol\u00e1s Muols, resalt\u00f3 la importancia de las actualizaciones permanentes para los cuidados de mayor calidad, con pr\u00e1cticas basadas en evidencias cient\u00edficas.<\/p>\n","protected":false},"excerpt":{"rendered":"<p>Desde el Hospital Escuela de Agudos &ldquo;Dr. Ram&oacute;n Madariaga&rdquo; destacan el rol de enfermer&iacute;a en los servicios cr&iacute;ticos. Resaltan la actualizaci&oacute;n permanente, las capacidades humanas, t&eacute;cnicas e intelectuales. En las&hellip; <\/p>\n","protected":false},"author":3,"featured_media":520,"comment_status":"closed","ping_status":"open","sticky":false,"template":"","format":"standard","meta":{"_monsterinsights_skip_tracking":false,"_monsterinsights_sitenote_active":false,"_monsterinsights_sitenote_note":"","_monsterinsights_sitenote_category":0},"categories":[3],"tags":[24],"aioseo_notices":[],"_links":{"self":[{"href":"https:\/\/radionewsmisiones.ar\/site\/wp-json\/wp\/v2\/posts\/519"}],"collection":[{"href":"https:\/\/radionewsmisiones.ar\/site\/wp-json\/wp\/v2\/posts"}],"about":[{"href":"https:\/\/radionewsmisiones.ar\/site\/wp-json\/wp\/v2\/types\/post"}],"author":[{"embeddable":true,"href":"https:\/\/radionewsmisiones.ar\/site\/wp-json\/wp\/v2\/users\/3"}],"replies":[{"embeddable":true,"href":"https:\/\/radionewsmisiones.ar\/site\/wp-json\/wp\/v2\/comments?post=519"}],"version-history":[{"count":1,"href":"https:\/\/radionewsmisiones.ar\/site\/wp-json\/wp\/v2\/posts\/519\/revisions"}],"predecessor-version":[{"id":521,"href":"https:\/\/radionewsmisiones.ar\/site\/wp-json\/wp\/v2\/posts\/519\/revisions\/521"}],"wp:featuredmedia":[{"embeddable":true,"href":"https:\/\/radionewsmisiones.ar\/site\/wp-json\/wp\/v2\/media\/520"}],"wp:attachment":[{"href":"https:\/\/radionewsmisiones.ar\/site\/wp-json\/wp\/v2\/media?parent=519"}],"wp:term":[{"taxonomy":"category","embeddable":true,"href":"https:\/\/radionewsmisiones.ar\/site\/wp-json\/wp\/v2\/categories?post=519"},{"taxonomy":"post_tag","embeddable":true,"href":"https:\/\/radionewsmisiones.ar\/site\/wp-json\/wp\/v2\/tags?post=519"}],"curies":[{"name":"wp","href":"https:\/\/api.w.org\/{rel}","templated":true}]}}