{"id":522,"date":"2022-08-08T19:37:23","date_gmt":"2022-08-08T22:37:23","guid":{"rendered":"https:\/\/radionewsmisiones.ar\/site\/?p=522"},"modified":"2022-08-08T19:37:23","modified_gmt":"2022-08-08T22:37:23","slug":"kits-de-utiles-y-certificaciones-para-la-modalidad-de-educacion-especial","status":"publish","type":"post","link":"https:\/\/radionewsmisiones.ar\/site\/provinciales\/kits-de-utiles-y-certificaciones-para-la-modalidad-de-educacion-especial\/","title":{"rendered":"Kits de \u00fatiles y certificaciones para la modalidad de Educaci\u00f3n Especial"},"content":{"rendered":"\n<p>En vistas a reforzar los entornos de aprendizaje y apoyar la labor docente, las escuelas especiales recibieron, durante el mes de julio, \u00fatiles que beneficiar\u00e1n a unos 3.300 estudiantes de la provincia. Estos insumos fueron adquiridos con fondos propios, seg\u00fan informa el ministro de Educaci\u00f3n, Ciencia y Tecnolog\u00eda, Miguel Sedoff.<\/p>\n\n\n\n<figure class=\"wp-block-image size-large\"><img loading=\"lazy\" width=\"1024\" height=\"683\" src=\"https:\/\/radionewsmisiones.ar\/site\/wp-content\/uploads\/2022\/08\/43-1024x683.jpg\" alt=\"\" class=\"wp-image-523\" srcset=\"https:\/\/radionewsmisiones.ar\/site\/wp-content\/uploads\/2022\/08\/43-1024x683.jpg 1024w, https:\/\/radionewsmisiones.ar\/site\/wp-content\/uploads\/2022\/08\/43-300x200.jpg 300w, https:\/\/radionewsmisiones.ar\/site\/wp-content\/uploads\/2022\/08\/43-768x512.jpg 768w, https:\/\/radionewsmisiones.ar\/site\/wp-content\/uploads\/2022\/08\/43.jpg 1296w\" sizes=\"(max-width: 1024px) 100vw, 1024px\" \/><\/figure>\n\n\n\n<p>La educaci\u00f3n especial ayuda a ni\u00f1os, ni\u00f1as y adolescentes con discapacidades f\u00edsicas, problemas de visi\u00f3n, audici\u00f3n, lenguaje, entre otros. Hablar de educaci\u00f3n especial implica tener presentes los cambios del campo, especialmente de t\u00e9rminos como especial, discapacidad, dificultad de aprendizaje, normalidad; todos muy comunes en el lenguaje educativo contempor\u00e1neo. Al respecto, la subsecretaria de Educaci\u00f3n Rosana \u201cCielo\u201d Linares, comparte que \u201cEs importante el cambio de actitud y de acciones en la sociedad en su valoraci\u00f3n de las diferencias: nunca es sobre eliminar las diferencias sino de entender que existen distintos modos de ser en cada contexto social, y es nuestro deber ofrecer las mejores condiciones para que logren el m\u00e1ximo desarrollo de sus capacidades y alcancen los mismos beneficios y oportunidades que otras modalidades\u201d.<\/p>\n\n\n\n<p>Durante el evento tambi\u00e9n se present\u00f3 la Resoluci\u00f3n Ministerial N\u00b0 486, un logro hist\u00f3rico para las escuelas de la modalidad, ya que fortalece la constancia y certificaci\u00f3n de los logros de los estudiantes que llegan a la terminalidad del nivel primario y se abren paso a la secundaria. \u201cEs muy importante que se reconozca los avances de todos los estudiantes, y contar con una documentaci\u00f3n que certifique su paso es algo que siempre reclamamos\u201d coment\u00f3 una docente de la modalidad.<\/p>\n","protected":false},"excerpt":{"rendered":"<p>En vistas a reforzar los entornos de aprendizaje y apoyar la labor docente, las escuelas especiales recibieron, durante el mes de julio, &uacute;tiles que beneficiar&aacute;n a unos 3.300 estudiantes de&hellip; <\/p>\n","protected":false},"author":3,"featured_media":524,"comment_status":"closed","ping_status":"open","sticky":false,"template":"","format":"standard","meta":{"_monsterinsights_skip_tracking":false,"_monsterinsights_sitenote_active":false,"_monsterinsights_sitenote_note":"","_monsterinsights_sitenote_category":0},"categories":[3],"tags":[26],"aioseo_notices":[],"_links":{"self":[{"href":"https:\/\/radionewsmisiones.ar\/site\/wp-json\/wp\/v2\/posts\/522"}],"collection":[{"href":"https:\/\/radionewsmisiones.ar\/site\/wp-json\/wp\/v2\/posts"}],"about":[{"href":"https:\/\/radionewsmisiones.ar\/site\/wp-json\/wp\/v2\/types\/post"}],"author":[{"embeddable":true,"href":"https:\/\/radionewsmisiones.ar\/site\/wp-json\/wp\/v2\/users\/3"}],"replies":[{"embeddable":true,"href":"https:\/\/radionewsmisiones.ar\/site\/wp-json\/wp\/v2\/comments?post=522"}],"version-history":[{"count":1,"href":"https:\/\/radionewsmisiones.ar\/site\/wp-json\/wp\/v2\/posts\/522\/revisions"}],"predecessor-version":[{"id":525,"href":"https:\/\/radionewsmisiones.ar\/site\/wp-json\/wp\/v2\/posts\/522\/revisions\/525"}],"wp:featuredmedia":[{"embeddable":true,"href":"https:\/\/radionewsmisiones.ar\/site\/wp-json\/wp\/v2\/media\/524"}],"wp:attachment":[{"href":"https:\/\/radionewsmisiones.ar\/site\/wp-json\/wp\/v2\/media?parent=522"}],"wp:term":[{"taxonomy":"category","embeddable":true,"href":"https:\/\/radionewsmisiones.ar\/site\/wp-json\/wp\/v2\/categories?post=522"},{"taxonomy":"post_tag","embeddable":true,"href":"https:\/\/radionewsmisiones.ar\/site\/wp-json\/wp\/v2\/tags?post=522"}],"curies":[{"name":"wp","href":"https:\/\/api.w.org\/{rel}","templated":true}]}}