{"id":526,"date":"2022-08-08T19:40:02","date_gmt":"2022-08-08T22:40:02","guid":{"rendered":"https:\/\/radionewsmisiones.ar\/site\/?p=526"},"modified":"2022-08-08T19:40:03","modified_gmt":"2022-08-08T22:40:03","slug":"faniot-tecnologia-educativa-de-misiones-para-uruguay","status":"publish","type":"post","link":"https:\/\/radionewsmisiones.ar\/site\/provinciales\/faniot-tecnologia-educativa-de-misiones-para-uruguay\/","title":{"rendered":"FANIOT: Tecnolog\u00eda Educativa de Misiones para Uruguay"},"content":{"rendered":"\n<p>Del 8 al 10 de agosto el ministro de Educaci\u00f3n, Ciencia y Tecnolog\u00eda de la Provincia Miguel Sedoff, acompa\u00f1ado por el ministro de Educaci\u00f3n de C\u00f3rdoba Walter Grahovac, el presidente del Consejo General de Educaci\u00f3n de Entre R\u00edos Mart\u00edn M\u00fcller y el director General de Escuelas de Mendoza Jos\u00e9 Thomas realizan una visita oficial al hermano pa\u00eds de Uruguay con el objetivo de conocer diferentes instituciones del sistema educativo nacional.<\/p>\n\n\n\n<figure class=\"wp-block-image size-full\"><img loading=\"lazy\" width=\"800\" height=\"600\" src=\"https:\/\/radionewsmisiones.ar\/site\/wp-content\/uploads\/2022\/08\/IMG-20220808-WA0050.jpg\" alt=\"\" class=\"wp-image-527\" srcset=\"https:\/\/radionewsmisiones.ar\/site\/wp-content\/uploads\/2022\/08\/IMG-20220808-WA0050.jpg 800w, https:\/\/radionewsmisiones.ar\/site\/wp-content\/uploads\/2022\/08\/IMG-20220808-WA0050-300x225.jpg 300w, https:\/\/radionewsmisiones.ar\/site\/wp-content\/uploads\/2022\/08\/IMG-20220808-WA0050-768x576.jpg 768w\" sizes=\"(max-width: 800px) 100vw, 800px\" \/><\/figure>\n\n\n\n<p>En dicha visita se prev\u00e9n reuniones con el presidente del Instituto Nacional de Evaluaci\u00f3n Educativa Javier Lasida, el presidente de Plan Ceibal Leandro Folgar, con el ministro de Educaci\u00f3n y Cultura de la Rep\u00fablica Oriental del Uruguay Pablo da Silveira y con el director Nacional de Educaci\u00f3n Gonzalo Baroni, m\u00e1s sus respectivos equipos t\u00e9cnicos.<\/p>\n\n\n\n<p>El objetivo de esta visita es fortalecer los lazos de colaboraci\u00f3n entre las provincias y el hermano pa\u00eds de Uruguay, y en especial para Misiones la posibilidad de trabajar en la adopci\u00f3n para el sistema educativo uruguayo de las placas educativas IOT, la plataforma de aprendizaje colaborativo FanHUB y dem\u00e1s productos de tecnolog\u00eda educativa desarrollados por FanIOT.<\/p>\n","protected":false},"excerpt":{"rendered":"<p>Del 8 al 10 de agosto el ministro de Educaci&oacute;n, Ciencia y Tecnolog&iacute;a de la Provincia Miguel Sedoff, acompa&ntilde;ado por el ministro de Educaci&oacute;n de C&oacute;rdoba Walter Grahovac, el presidente&hellip; <\/p>\n","protected":false},"author":3,"featured_media":528,"comment_status":"closed","ping_status":"open","sticky":false,"template":"","format":"standard","meta":{"_monsterinsights_skip_tracking":false,"_monsterinsights_sitenote_active":false,"_monsterinsights_sitenote_note":"","_monsterinsights_sitenote_category":0},"categories":[3],"tags":[26],"aioseo_notices":[],"_links":{"self":[{"href":"https:\/\/radionewsmisiones.ar\/site\/wp-json\/wp\/v2\/posts\/526"}],"collection":[{"href":"https:\/\/radionewsmisiones.ar\/site\/wp-json\/wp\/v2\/posts"}],"about":[{"href":"https:\/\/radionewsmisiones.ar\/site\/wp-json\/wp\/v2\/types\/post"}],"author":[{"embeddable":true,"href":"https:\/\/radionewsmisiones.ar\/site\/wp-json\/wp\/v2\/users\/3"}],"replies":[{"embeddable":true,"href":"https:\/\/radionewsmisiones.ar\/site\/wp-json\/wp\/v2\/comments?post=526"}],"version-history":[{"count":1,"href":"https:\/\/radionewsmisiones.ar\/site\/wp-json\/wp\/v2\/posts\/526\/revisions"}],"predecessor-version":[{"id":529,"href":"https:\/\/radionewsmisiones.ar\/site\/wp-json\/wp\/v2\/posts\/526\/revisions\/529"}],"wp:featuredmedia":[{"embeddable":true,"href":"https:\/\/radionewsmisiones.ar\/site\/wp-json\/wp\/v2\/media\/528"}],"wp:attachment":[{"href":"https:\/\/radionewsmisiones.ar\/site\/wp-json\/wp\/v2\/media?parent=526"}],"wp:term":[{"taxonomy":"category","embeddable":true,"href":"https:\/\/radionewsmisiones.ar\/site\/wp-json\/wp\/v2\/categories?post=526"},{"taxonomy":"post_tag","embeddable":true,"href":"https:\/\/radionewsmisiones.ar\/site\/wp-json\/wp\/v2\/tags?post=526"}],"curies":[{"name":"wp","href":"https:\/\/api.w.org\/{rel}","templated":true}]}}