{"id":531,"date":"2022-08-08T19:47:05","date_gmt":"2022-08-08T22:47:05","guid":{"rendered":"https:\/\/radionewsmisiones.ar\/site\/?p=531"},"modified":"2022-08-08T19:47:06","modified_gmt":"2022-08-08T22:47:06","slug":"fortalecen-acciones-para-fomentar-la-vacunacion-pediatrica-contra-el-covid-19","status":"publish","type":"post","link":"https:\/\/radionewsmisiones.ar\/site\/provinciales\/fortalecen-acciones-para-fomentar-la-vacunacion-pediatrica-contra-el-covid-19\/","title":{"rendered":"Fortalecen acciones para fomentar la vacunaci\u00f3n pedi\u00e1trica contra el Covid 19"},"content":{"rendered":"\n<p>El Ministerio de Salud P\u00fablica de Misiones junto a la Sociedad Argentina de Pediatr\u00eda filial Misiones, al Sanatorio Boratti y la UCAMI fortalecen lazos de trabajo en materia de inmunizaci\u00f3n, para fomentar la vacunaci\u00f3n en la poblaci\u00f3n pedi\u00e1trica.<\/p>\n\n\n\n<figure class=\"wp-block-image size-full\"><img loading=\"lazy\" width=\"640\" height=\"288\" src=\"https:\/\/radionewsmisiones.ar\/site\/wp-content\/uploads\/2022\/08\/Reunion-COVID-SAP9.jpg\" alt=\"\" class=\"wp-image-532\" srcset=\"https:\/\/radionewsmisiones.ar\/site\/wp-content\/uploads\/2022\/08\/Reunion-COVID-SAP9.jpg 640w, https:\/\/radionewsmisiones.ar\/site\/wp-content\/uploads\/2022\/08\/Reunion-COVID-SAP9-300x135.jpg 300w\" sizes=\"(max-width: 640px) 100vw, 640px\" \/><\/figure>\n\n\n\n<p><br>Participaron del encuentro que realiz\u00f3 de manera virtual, la Sociedad Argentina de Pediatr\u00eda, sobre \u201cRiesgos del COVID en pediatr\u00eda y vacunas con plataforma mRNA\u201d, donde especialistas<br>presentaron estudios sobre la eficacia de las vacunas COVID en la poblaci\u00f3n pedi\u00e1trica.<\/p>\n\n\n\n<p><br>En esa l\u00ednea, luego del encuentro virtual, los profesionales misioneros se comprometieron a seguir trabajan en conjunto sobre la recomendaci\u00f3n de la aplicaci\u00f3n de la vacuna covid en la poblaci\u00f3n pedi\u00e1trica y por qu\u00e9 se deben cumplir los esquemas primarios y refuerzos en los que ya est\u00e1n indicados.<\/p>\n\n\n\n<p><br>Participaron de la reuni\u00f3n los Subsecretarios de Salud, H\u00e9ctor Proeza, de Apoyo y Log\u00edstica, Carlos B\u00e1ez, el Director de Epidemiologia, Jorge Guti\u00e9rrez, el Director del Hospital de Pediatr\u00eda, Gustavo Puentes, la Gerentes Asistencia del Pedi\u00e1trico, Liliana Fern\u00e1ndez Sosa, en representaci\u00f3n del Comit\u00e9 Cient\u00edfico, Liliana Arce el presidente de la SAP- Filial Misiones- Jorge Achon, el Director M\u00e9dico del Sanatorio Boratti, Manuel Riera, en representaci\u00f3n de la UCAMI, Pablo Lebatte, el jefe de inmunizaciones, Roberto Lima y Luis Coentt del equipo de inmunizaciones.<\/p>\n","protected":false},"excerpt":{"rendered":"<p>El Ministerio de Salud P&uacute;blica de Misiones junto a la Sociedad Argentina de Pediatr&iacute;a filial Misiones, al Sanatorio Boratti y la UCAMI fortalecen lazos de trabajo en materia de inmunizaci&oacute;n,&hellip; <\/p>\n","protected":false},"author":3,"featured_media":532,"comment_status":"closed","ping_status":"open","sticky":false,"template":"","format":"standard","meta":{"_monsterinsights_skip_tracking":false,"_monsterinsights_sitenote_active":false,"_monsterinsights_sitenote_note":"","_monsterinsights_sitenote_category":0},"categories":[3],"tags":[19],"aioseo_notices":[],"_links":{"self":[{"href":"https:\/\/radionewsmisiones.ar\/site\/wp-json\/wp\/v2\/posts\/531"}],"collection":[{"href":"https:\/\/radionewsmisiones.ar\/site\/wp-json\/wp\/v2\/posts"}],"about":[{"href":"https:\/\/radionewsmisiones.ar\/site\/wp-json\/wp\/v2\/types\/post"}],"author":[{"embeddable":true,"href":"https:\/\/radionewsmisiones.ar\/site\/wp-json\/wp\/v2\/users\/3"}],"replies":[{"embeddable":true,"href":"https:\/\/radionewsmisiones.ar\/site\/wp-json\/wp\/v2\/comments?post=531"}],"version-history":[{"count":1,"href":"https:\/\/radionewsmisiones.ar\/site\/wp-json\/wp\/v2\/posts\/531\/revisions"}],"predecessor-version":[{"id":533,"href":"https:\/\/radionewsmisiones.ar\/site\/wp-json\/wp\/v2\/posts\/531\/revisions\/533"}],"wp:featuredmedia":[{"embeddable":true,"href":"https:\/\/radionewsmisiones.ar\/site\/wp-json\/wp\/v2\/media\/532"}],"wp:attachment":[{"href":"https:\/\/radionewsmisiones.ar\/site\/wp-json\/wp\/v2\/media?parent=531"}],"wp:term":[{"taxonomy":"category","embeddable":true,"href":"https:\/\/radionewsmisiones.ar\/site\/wp-json\/wp\/v2\/categories?post=531"},{"taxonomy":"post_tag","embeddable":true,"href":"https:\/\/radionewsmisiones.ar\/site\/wp-json\/wp\/v2\/tags?post=531"}],"curies":[{"name":"wp","href":"https:\/\/api.w.org\/{rel}","templated":true}]}}