{"id":5652,"date":"2023-01-27T08:52:32","date_gmt":"2023-01-27T11:52:32","guid":{"rendered":"https:\/\/radionewsmisiones.ar\/site\/?p=5652"},"modified":"2023-01-27T08:52:36","modified_gmt":"2023-01-27T11:52:36","slug":"sumando-conciencia-ambiental-nueva-compostera-comunitaria-en-el-barrio-yacyreta","status":"publish","type":"post","link":"https:\/\/radionewsmisiones.ar\/site\/provinciales\/sumando-conciencia-ambiental-nueva-compostera-comunitaria-en-el-barrio-yacyreta\/","title":{"rendered":"Sumando conciencia ambiental: Nueva compostera Comunitaria en el Barrio Yacyret\u00e1"},"content":{"rendered":"\n<p>En el D\u00eda Mundial de la Educaci\u00f3n Ambiental, el Ecopunto del B\u00b0 Yacyreta inaugur\u00f3 su nueva compostera comunitaria con el objetivo de concientizar a los vecinos acerca de la importancia de reciclar los residuos urbanos e incentivar su participaci\u00f3n en las iniciativas que se est\u00e1n llevando a cabo desde el Centro Verde de la Municipalidad de Posadas.<\/p>\n\n\n\n<figure class=\"wp-block-image size-large\"><img loading=\"lazy\" width=\"1024\" height=\"576\" src=\"https:\/\/radionewsmisiones.ar\/site\/wp-content\/uploads\/2023\/01\/WhatsApp-Image-2023-01-26-at-12.24.39-1024x576.jpeg\" alt=\"\" class=\"wp-image-5653\" srcset=\"https:\/\/radionewsmisiones.ar\/site\/wp-content\/uploads\/2023\/01\/WhatsApp-Image-2023-01-26-at-12.24.39-1024x576.jpeg 1024w, https:\/\/radionewsmisiones.ar\/site\/wp-content\/uploads\/2023\/01\/WhatsApp-Image-2023-01-26-at-12.24.39-300x169.jpeg 300w, https:\/\/radionewsmisiones.ar\/site\/wp-content\/uploads\/2023\/01\/WhatsApp-Image-2023-01-26-at-12.24.39-768x432.jpeg 768w, https:\/\/radionewsmisiones.ar\/site\/wp-content\/uploads\/2023\/01\/WhatsApp-Image-2023-01-26-at-12.24.39.jpeg 1280w\" sizes=\"(max-width: 1024px) 100vw, 1024px\" \/><\/figure>\n\n\n\n<p>\u201cSi bien las composteras comunitarias no poseen un volumen como para que se composten todos los residuos del barrio, es un espacio donde el vecino que se acerca a traer sus residuos va viendo, aprendiendo y acompa\u00f1ando el proceso, de manera continua, para despu\u00e9s poder replicarlo en su casa\u201d expres\u00f3 Hector Cardozo, Director General de Ambiente, Girsu y Cambio Clim\u00e1tico.<\/p>\n\n\n\n<p>Para aquellos vecinos interesados, desde el Centro Verde tambi\u00e9n se realiza un acompa\u00f1amiento y asesoramiento de las composteras domiciliarias, ya sea en un patio o con los elementos disponibles en los hogares como ser los cajones, a modo de que los ciudadanos puedan realizar el paso a paso y derribar mitos como ser que las composteras atraen moscas y malos olores. Se trata de un proceso limpio que brinda muchos beneficios en recompensa como ser el abono y lixiviados que luego se pueden utilizar en las plantas.<\/p>\n\n\n\n<p>De los 11 Ecopuntos Municipales, al d\u00eda de hoy son 2 los que cuentan con su compostera comunitaria. Se trata de un proceso que se inici\u00f3 el a\u00f1o pasado, en donde el objetivo \u00faltimo es que todos puedan llegar a contar con una propia.<\/p>\n\n\n\n<p>En los distintos ecopuntos se cuenta con personal municipal capacitado para resolver cualquier duda respecto a qu\u00e9 se puede compostar y qu\u00e9 no. Los residuos que s\u00ed se pueden compostar son b\u00e1sicamente los restos org\u00e1nicos de frutas y verduras. Entre los que no, se encuentran los restos de prote\u00ednas, de carnes grasas o huesos, c\u00e1scaras, entre otros.<\/p>\n\n\n\n<p>Se trata de un trabajo en conjunto entre el Centro Verde Municipal, la Unidad de Coordinaci\u00f3n y Control de Gesti\u00f3n y Tierra y H\u00e1bitat, \u00e1reas con una fuerte presencia territorial en la ciudad, a modo de poder mejorar la gesti\u00f3n de residuos e integrar los recursos y conocimientos en las diferentes huertas y comedores municipales.<\/p>\n\n\n\n<p>\u201cSiempre tenemos que recordar que m\u00e1s de la mitad de los residuos que generamos nosotros son org\u00e1nicos y que podemos compostarlos. El mejor residuo es el que no se tira, sino que se reutiliza\u201d, concluy\u00f3 Hector Cardozo<\/p>\n\n\n\n<p>Composteras comunitarias:<br>\u267b\ufe0fEcopunto B\u00b0 Yacyret\u00e1<br>\ud83d\udccdAv. Martin fierro y Av. Aguado<br>\ud83d\udd50Todos los jueves de 8 a 11 hs.<\/p>\n\n\n\n<p>\u267b\ufe0fEcopunto Arroyo M\u00e1rtires<br>\ud83d\udccdAv. Costanera y Av. Chacabuco<br>\ud83d\udd50Todos los mi\u00e9rcoles de 8 a 11 hs.<\/p>\n","protected":false},"excerpt":{"rendered":"<p>En el D&iacute;a Mundial de la Educaci&oacute;n Ambiental, el Ecopunto del B&deg; Yacyreta inaugur&oacute; su nueva compostera comunitaria con el objetivo de concientizar a los vecinos acerca de la importancia&hellip; <\/p>\n","protected":false},"author":3,"featured_media":5654,"comment_status":"closed","ping_status":"open","sticky":false,"template":"","format":"standard","meta":{"_monsterinsights_skip_tracking":false,"_monsterinsights_sitenote_active":false,"_monsterinsights_sitenote_note":"","_monsterinsights_sitenote_category":0},"categories":[3],"tags":[22],"aioseo_notices":[],"_links":{"self":[{"href":"https:\/\/radionewsmisiones.ar\/site\/wp-json\/wp\/v2\/posts\/5652"}],"collection":[{"href":"https:\/\/radionewsmisiones.ar\/site\/wp-json\/wp\/v2\/posts"}],"about":[{"href":"https:\/\/radionewsmisiones.ar\/site\/wp-json\/wp\/v2\/types\/post"}],"author":[{"embeddable":true,"href":"https:\/\/radionewsmisiones.ar\/site\/wp-json\/wp\/v2\/users\/3"}],"replies":[{"embeddable":true,"href":"https:\/\/radionewsmisiones.ar\/site\/wp-json\/wp\/v2\/comments?post=5652"}],"version-history":[{"count":1,"href":"https:\/\/radionewsmisiones.ar\/site\/wp-json\/wp\/v2\/posts\/5652\/revisions"}],"predecessor-version":[{"id":5655,"href":"https:\/\/radionewsmisiones.ar\/site\/wp-json\/wp\/v2\/posts\/5652\/revisions\/5655"}],"wp:featuredmedia":[{"embeddable":true,"href":"https:\/\/radionewsmisiones.ar\/site\/wp-json\/wp\/v2\/media\/5654"}],"wp:attachment":[{"href":"https:\/\/radionewsmisiones.ar\/site\/wp-json\/wp\/v2\/media?parent=5652"}],"wp:term":[{"taxonomy":"category","embeddable":true,"href":"https:\/\/radionewsmisiones.ar\/site\/wp-json\/wp\/v2\/categories?post=5652"},{"taxonomy":"post_tag","embeddable":true,"href":"https:\/\/radionewsmisiones.ar\/site\/wp-json\/wp\/v2\/tags?post=5652"}],"curies":[{"name":"wp","href":"https:\/\/api.w.org\/{rel}","templated":true}]}}