{"id":5656,"date":"2023-01-27T08:53:24","date_gmt":"2023-01-27T11:53:24","guid":{"rendered":"https:\/\/radionewsmisiones.ar\/site\/?p=5656"},"modified":"2023-01-27T08:53:25","modified_gmt":"2023-01-27T11:53:25","slug":"senti-el-ritmo-en-el-parque-de-las-fiestas-cronograma-del-fin-de-semana","status":"publish","type":"post","link":"https:\/\/radionewsmisiones.ar\/site\/provinciales\/senti-el-ritmo-en-el-parque-de-las-fiestas-cronograma-del-fin-de-semana\/","title":{"rendered":"Sent\u00ed el Ritmo en el Parque de las Fiestas, cronograma del fin de semana"},"content":{"rendered":"\n<p>iguen las propuestas de verano en el novedoso espacio de encuentro que tiene la capital de la tierra colorada: el Parque de las Fiestas, ubicado en Av. Mitre y Costanera.<\/p>\n\n\n\n<figure class=\"wp-block-image size-large\"><img loading=\"lazy\" width=\"819\" height=\"1024\" src=\"https:\/\/radionewsmisiones.ar\/site\/wp-content\/uploads\/2023\/01\/WhatsApp-Image-2023-01-26-at-10.56.29-819x1024.jpeg\" alt=\"\" class=\"wp-image-5657\" srcset=\"https:\/\/radionewsmisiones.ar\/site\/wp-content\/uploads\/2023\/01\/WhatsApp-Image-2023-01-26-at-10.56.29-819x1024.jpeg 819w, https:\/\/radionewsmisiones.ar\/site\/wp-content\/uploads\/2023\/01\/WhatsApp-Image-2023-01-26-at-10.56.29-240x300.jpeg 240w, https:\/\/radionewsmisiones.ar\/site\/wp-content\/uploads\/2023\/01\/WhatsApp-Image-2023-01-26-at-10.56.29-768x960.jpeg 768w, https:\/\/radionewsmisiones.ar\/site\/wp-content\/uploads\/2023\/01\/WhatsApp-Image-2023-01-26-at-10.56.29.jpeg 1024w\" sizes=\"(max-width: 819px) 100vw, 819px\" \/><\/figure>\n\n\n\n<p>Esta nueva atracci\u00f3n re\u00fane a decenas de familias posade\u00f1as y turistas desde fines del 2022. Nuevamente el lugar se pondr\u00e1 a punto para disfrutar de los diferentes n\u00fameros musicales que desplegar\u00e1n todo su arte sobre el escenario en las noches del viernes 27, s\u00e1bado 28 y domingo 29.<\/p>\n\n\n\n<p>Cabe recordar que todos los espect\u00e1culos son gratuitos y al aire libre. Las actividades comenzar\u00e1n a partir de las 20 hs, en donde el p\u00fablico podr\u00e1 acercarse con sus silletas, bebidas y alimentos para disfrutar de una noche a puro ritmo y diversi\u00f3n.<\/p>\n\n\n\n<p>Cronograma:<br>\u300bViernes 27\/01: Folha de Bananeira y La Espiral Infinita<br>\u300bS\u00e1bado 28\/01: Hermanos y Ra\u00edz<br>\u300bDomingo 29\/01: Sonido Ancestral y Lira Ver\u00e1<\/p>\n","protected":false},"excerpt":{"rendered":"<p>iguen las propuestas de verano en el novedoso espacio de encuentro que tiene la capital de la tierra colorada: el Parque de las Fiestas, ubicado en Av. Mitre y Costanera.&hellip; <\/p>\n","protected":false},"author":3,"featured_media":5657,"comment_status":"closed","ping_status":"open","sticky":false,"template":"","format":"standard","meta":{"_monsterinsights_skip_tracking":false,"_monsterinsights_sitenote_active":false,"_monsterinsights_sitenote_note":"","_monsterinsights_sitenote_category":0},"categories":[3],"tags":[22],"aioseo_notices":[],"_links":{"self":[{"href":"https:\/\/radionewsmisiones.ar\/site\/wp-json\/wp\/v2\/posts\/5656"}],"collection":[{"href":"https:\/\/radionewsmisiones.ar\/site\/wp-json\/wp\/v2\/posts"}],"about":[{"href":"https:\/\/radionewsmisiones.ar\/site\/wp-json\/wp\/v2\/types\/post"}],"author":[{"embeddable":true,"href":"https:\/\/radionewsmisiones.ar\/site\/wp-json\/wp\/v2\/users\/3"}],"replies":[{"embeddable":true,"href":"https:\/\/radionewsmisiones.ar\/site\/wp-json\/wp\/v2\/comments?post=5656"}],"version-history":[{"count":1,"href":"https:\/\/radionewsmisiones.ar\/site\/wp-json\/wp\/v2\/posts\/5656\/revisions"}],"predecessor-version":[{"id":5658,"href":"https:\/\/radionewsmisiones.ar\/site\/wp-json\/wp\/v2\/posts\/5656\/revisions\/5658"}],"wp:featuredmedia":[{"embeddable":true,"href":"https:\/\/radionewsmisiones.ar\/site\/wp-json\/wp\/v2\/media\/5657"}],"wp:attachment":[{"href":"https:\/\/radionewsmisiones.ar\/site\/wp-json\/wp\/v2\/media?parent=5656"}],"wp:term":[{"taxonomy":"category","embeddable":true,"href":"https:\/\/radionewsmisiones.ar\/site\/wp-json\/wp\/v2\/categories?post=5656"},{"taxonomy":"post_tag","embeddable":true,"href":"https:\/\/radionewsmisiones.ar\/site\/wp-json\/wp\/v2\/tags?post=5656"}],"curies":[{"name":"wp","href":"https:\/\/api.w.org\/{rel}","templated":true}]}}