{"id":5663,"date":"2023-01-27T09:21:38","date_gmt":"2023-01-27T12:21:38","guid":{"rendered":"https:\/\/radionewsmisiones.ar\/site\/?p=5663"},"modified":"2023-01-27T09:21:41","modified_gmt":"2023-01-27T12:21:41","slug":"mas-y-mejor-conectividad-para-las-escuelas-misioneras","status":"publish","type":"post","link":"https:\/\/radionewsmisiones.ar\/site\/provinciales\/mas-y-mejor-conectividad-para-las-escuelas-misioneras\/","title":{"rendered":"M\u00e1s y mejor conectividad para las escuelas misioneras"},"content":{"rendered":"\n<p>Con el objetivo de seguir integrando a la comunidad educativa en la cultura digital y de promover la calidad educativa con igualdad de oportunidades y posibilidades, los equipos t\u00e9cnicos de la Direcci\u00f3n de TIC del Ministerio de Educaci\u00f3n, Ciencia y Tecnolog\u00eda contin\u00faan trabajando durante el receso de verano en la reparaci\u00f3n de computadoras de los estudiantes y en el mantenimiento de los pisos tecnol\u00f3gicos de las escuelas de la provincia.<\/p>\n\n\n\n<figure class=\"wp-block-image size-large\"><img loading=\"lazy\" width=\"1024\" height=\"736\" src=\"https:\/\/radionewsmisiones.ar\/site\/wp-content\/uploads\/2023\/01\/WhatsApp-Image-2023-01-26-at-10.44.26-1024x736.jpeg\" alt=\"\" class=\"wp-image-5664\" srcset=\"https:\/\/radionewsmisiones.ar\/site\/wp-content\/uploads\/2023\/01\/WhatsApp-Image-2023-01-26-at-10.44.26-1024x736.jpeg 1024w, https:\/\/radionewsmisiones.ar\/site\/wp-content\/uploads\/2023\/01\/WhatsApp-Image-2023-01-26-at-10.44.26-300x216.jpeg 300w, https:\/\/radionewsmisiones.ar\/site\/wp-content\/uploads\/2023\/01\/WhatsApp-Image-2023-01-26-at-10.44.26-768x552.jpeg 768w, https:\/\/radionewsmisiones.ar\/site\/wp-content\/uploads\/2023\/01\/WhatsApp-Image-2023-01-26-at-10.44.26.jpeg 1113w\" sizes=\"(max-width: 1024px) 100vw, 1024px\" \/><\/figure>\n\n\n\n<p>Este piso instalado en los establecimientos educativos es un sistema integrado que abarca las redes el\u00e9ctricas, de datos e inal\u00e1mbrica, ineludibles a la hora de establecer una comunicaci\u00f3n entre las netbooks y los servidores escolares que est\u00e1n alojados en la nube. El soporte y la asistencia que se brinda logra que est\u00e9n cuidados y funcionando correctamente, permitiendo as\u00ed que docentes y estudiantes puedan almacenar y compartir informaci\u00f3n, videos, m\u00fasica, textos, aplicaciones y producciones para utilizarlas en clases.<\/p>\n\n\n\n<p>Alejandra Pacheco, directora de TIC del Ministerio, hace particular hincapi\u00e9 a la hora de agradecer a supervisores y directivos por estar atentos y trabajar coordinadamente junto a los equipos para que, llegado el inicio lectivo, m\u00e1s escuelas se encuentren conectadas y con equipos en buenas condiciones.<\/p>\n\n\n\n<p>Este trabajo se enmarca dentro del Plan de Conectividad Escolar, el cual tiene como objetivo brindar acceso a internet a todos los estudiantes del pa\u00eds. Una labor imprescindible para la cultura maker, digital y para la econom\u00eda del conocimiento de Misiones.<\/p>\n","protected":false},"excerpt":{"rendered":"<p>Con el objetivo de seguir integrando a la comunidad educativa en la cultura digital y de promover la calidad educativa con igualdad de oportunidades y posibilidades, los equipos t&eacute;cnicos de&hellip; <\/p>\n","protected":false},"author":3,"featured_media":5665,"comment_status":"closed","ping_status":"open","sticky":false,"template":"","format":"standard","meta":{"_monsterinsights_skip_tracking":false,"_monsterinsights_sitenote_active":false,"_monsterinsights_sitenote_note":"","_monsterinsights_sitenote_category":0},"categories":[3],"tags":[26],"aioseo_notices":[],"_links":{"self":[{"href":"https:\/\/radionewsmisiones.ar\/site\/wp-json\/wp\/v2\/posts\/5663"}],"collection":[{"href":"https:\/\/radionewsmisiones.ar\/site\/wp-json\/wp\/v2\/posts"}],"about":[{"href":"https:\/\/radionewsmisiones.ar\/site\/wp-json\/wp\/v2\/types\/post"}],"author":[{"embeddable":true,"href":"https:\/\/radionewsmisiones.ar\/site\/wp-json\/wp\/v2\/users\/3"}],"replies":[{"embeddable":true,"href":"https:\/\/radionewsmisiones.ar\/site\/wp-json\/wp\/v2\/comments?post=5663"}],"version-history":[{"count":1,"href":"https:\/\/radionewsmisiones.ar\/site\/wp-json\/wp\/v2\/posts\/5663\/revisions"}],"predecessor-version":[{"id":5666,"href":"https:\/\/radionewsmisiones.ar\/site\/wp-json\/wp\/v2\/posts\/5663\/revisions\/5666"}],"wp:featuredmedia":[{"embeddable":true,"href":"https:\/\/radionewsmisiones.ar\/site\/wp-json\/wp\/v2\/media\/5665"}],"wp:attachment":[{"href":"https:\/\/radionewsmisiones.ar\/site\/wp-json\/wp\/v2\/media?parent=5663"}],"wp:term":[{"taxonomy":"category","embeddable":true,"href":"https:\/\/radionewsmisiones.ar\/site\/wp-json\/wp\/v2\/categories?post=5663"},{"taxonomy":"post_tag","embeddable":true,"href":"https:\/\/radionewsmisiones.ar\/site\/wp-json\/wp\/v2\/tags?post=5663"}],"curies":[{"name":"wp","href":"https:\/\/api.w.org\/{rel}","templated":true}]}}