{"id":5669,"date":"2023-01-29T17:15:46","date_gmt":"2023-01-29T20:15:46","guid":{"rendered":"https:\/\/radionewsmisiones.ar\/site\/?p=5669"},"modified":"2023-01-29T17:15:49","modified_gmt":"2023-01-29T20:15:49","slug":"desde-el-30-de-enero-se-suma-como-refuerzo-a-la-vacuna-bivariante-en-misiones","status":"publish","type":"post","link":"https:\/\/radionewsmisiones.ar\/site\/provinciales\/desde-el-30-de-enero-se-suma-como-refuerzo-a-la-vacuna-bivariante-en-misiones\/","title":{"rendered":"Desde el 30 de enero se suma como refuerzo a la vacuna bivariante en Misiones"},"content":{"rendered":"\n<p>Misiones comenzar\u00e1 a aplicar la vacuna bivariante en los Centros de Atenci\u00f3n Primaria y Hospitales a partir de este lunes 30 de enero, con el objetivo de seguir avanzando en el plan estrat\u00e9gico de vacunaci\u00f3n COVID 19 en la provincia.<\/p>\n\n\n\n<figure class=\"wp-block-image size-full\"><img loading=\"lazy\" width=\"480\" height=\"569\" src=\"https:\/\/radionewsmisiones.ar\/site\/wp-content\/uploads\/2023\/01\/bivariante.jpg\" alt=\"\" class=\"wp-image-5670\" srcset=\"https:\/\/radionewsmisiones.ar\/site\/wp-content\/uploads\/2023\/01\/bivariante.jpg 480w, https:\/\/radionewsmisiones.ar\/site\/wp-content\/uploads\/2023\/01\/bivariante-253x300.jpg 253w\" sizes=\"(max-width: 480px) 100vw, 480px\" \/><\/figure>\n\n\n\n<p><br>Esta semana el Ministerio de Salud P\u00fablica recibi\u00f3 las primeras 25.920 dosis bivariantes que ser\u00e1n aplicadas como refuerzos (3, 4 o 5 dosis) a partir de la poblaci\u00f3n de 12 a\u00f1os. No ser\u00e1 aplicada como inicio de esquemas de vacunaci\u00f3n (1 dosis). Es importante aclarar que durante un tiempo coexistir\u00e1n en los vacunatorios los dos tipos de dosis con los que cuenta la Provincia (monovalentes y bivalente o<br>bivariantes), por lo que se administrar\u00e1 la vacuna que se encuentre disponible.<\/p>\n\n\n\n<p><br>La vacuna Pfizer Bivariante, tal como su nombre lo indica, la misma contiene dos variantes, la original de Wuhan (tambi\u00e9n llamada ancestral) y \u00d3micron original y su sublinaje. La cual fue autorizada para su uso en poblaci\u00f3n general de 12 a\u00f1os o m\u00e1s.<br>La evidencia cient\u00edfica ha demostrado que la estrategia de aplicaci\u00f3n de refuerzos es fundamental para mantener los niveles de anticuerpos y su efectividad en el tiempo, sobre todo en t\u00e9rminos de evitar internaciones, complicaciones y muertes por la enfermedad. Por este motivo, se enfatiza adem\u00e1s la importancia de reforzar la protecci\u00f3n en las personas mayores de 50 a\u00f1os y otros grupos etarios con condiciones de riesgo.<\/p>\n\n\n\n<p>Desde el inicio de la campa\u00f1a de vacunaci\u00f3n contra el COVID 19 desde el 29 de<br>diciembre de 2021 a la fecha se han aplicado 2.262.631 dosis, entre esquemas<br>primarios y refuerzos. Se han aplicado en mismo per\u00edodo 981.158 primeras dosis,<br>826.741 segundas dosis y 454.732\u202c dosis entre dosis adicional y refuerzos.<\/p>\n","protected":false},"excerpt":{"rendered":"<p>Misiones comenzar&aacute; a aplicar la vacuna bivariante en los Centros de Atenci&oacute;n Primaria y Hospitales a partir de este lunes 30 de enero, con el objetivo de seguir avanzando en&hellip; <\/p>\n","protected":false},"author":3,"featured_media":5670,"comment_status":"closed","ping_status":"open","sticky":false,"template":"","format":"standard","meta":{"_monsterinsights_skip_tracking":false,"_monsterinsights_sitenote_active":false,"_monsterinsights_sitenote_note":"","_monsterinsights_sitenote_category":0},"categories":[3],"tags":[19],"aioseo_notices":[],"_links":{"self":[{"href":"https:\/\/radionewsmisiones.ar\/site\/wp-json\/wp\/v2\/posts\/5669"}],"collection":[{"href":"https:\/\/radionewsmisiones.ar\/site\/wp-json\/wp\/v2\/posts"}],"about":[{"href":"https:\/\/radionewsmisiones.ar\/site\/wp-json\/wp\/v2\/types\/post"}],"author":[{"embeddable":true,"href":"https:\/\/radionewsmisiones.ar\/site\/wp-json\/wp\/v2\/users\/3"}],"replies":[{"embeddable":true,"href":"https:\/\/radionewsmisiones.ar\/site\/wp-json\/wp\/v2\/comments?post=5669"}],"version-history":[{"count":1,"href":"https:\/\/radionewsmisiones.ar\/site\/wp-json\/wp\/v2\/posts\/5669\/revisions"}],"predecessor-version":[{"id":5671,"href":"https:\/\/radionewsmisiones.ar\/site\/wp-json\/wp\/v2\/posts\/5669\/revisions\/5671"}],"wp:featuredmedia":[{"embeddable":true,"href":"https:\/\/radionewsmisiones.ar\/site\/wp-json\/wp\/v2\/media\/5670"}],"wp:attachment":[{"href":"https:\/\/radionewsmisiones.ar\/site\/wp-json\/wp\/v2\/media?parent=5669"}],"wp:term":[{"taxonomy":"category","embeddable":true,"href":"https:\/\/radionewsmisiones.ar\/site\/wp-json\/wp\/v2\/categories?post=5669"},{"taxonomy":"post_tag","embeddable":true,"href":"https:\/\/radionewsmisiones.ar\/site\/wp-json\/wp\/v2\/tags?post=5669"}],"curies":[{"name":"wp","href":"https:\/\/api.w.org\/{rel}","templated":true}]}}