{"id":5672,"date":"2023-01-29T17:17:07","date_gmt":"2023-01-29T20:17:07","guid":{"rendered":"https:\/\/radionewsmisiones.ar\/site\/?p=5672"},"modified":"2023-01-29T17:17:11","modified_gmt":"2023-01-29T20:17:11","slug":"vuelo-sanitario-misionero-requirio-traslado-sanitario-santo-angelo-a-posadas-tras-sufrir-accidente-de-transito","status":"publish","type":"post","link":"https:\/\/radionewsmisiones.ar\/site\/provinciales\/vuelo-sanitario-misionero-requirio-traslado-sanitario-santo-angelo-a-posadas-tras-sufrir-accidente-de-transito\/","title":{"rendered":"Vuelo sanitario: misionero requiri\u00f3 traslado sanitario Santo Angelo a Posadas tras sufrir accidente de tr\u00e1nsito"},"content":{"rendered":"\n<p>Un misionero de 47 a\u00f1os, que sufri\u00f3 un accidente de tr\u00e1nsito en moto fue trasladado en un<br>vuelo sanitario, hoy, desde Santo Angelo- Brasil hacia Posadas, tras las gestiones realizadas<br>por el Ministro de Salud P\u00fablica de Misiones, Oscar Alarc\u00f3n<\/p>\n\n\n\n<figure class=\"wp-block-image size-large\"><img loading=\"lazy\" width=\"1024\" height=\"768\" src=\"https:\/\/radionewsmisiones.ar\/site\/wp-content\/uploads\/2023\/01\/vuelo-sanitario-desde-santo-angelo-1-1024x768.jpeg\" alt=\"\" class=\"wp-image-5673\" srcset=\"https:\/\/radionewsmisiones.ar\/site\/wp-content\/uploads\/2023\/01\/vuelo-sanitario-desde-santo-angelo-1-1024x768.jpeg 1024w, https:\/\/radionewsmisiones.ar\/site\/wp-content\/uploads\/2023\/01\/vuelo-sanitario-desde-santo-angelo-1-300x225.jpeg 300w, https:\/\/radionewsmisiones.ar\/site\/wp-content\/uploads\/2023\/01\/vuelo-sanitario-desde-santo-angelo-1-768x576.jpeg 768w, https:\/\/radionewsmisiones.ar\/site\/wp-content\/uploads\/2023\/01\/vuelo-sanitario-desde-santo-angelo-1.jpeg 1040w\" sizes=\"(max-width: 1024px) 100vw, 1024px\" \/><\/figure>\n\n\n\n<p><br>El hombre,oriundo de Ap\u00f3stoles, se encontraba en la localidad brasile\u00f1a donde sufri\u00f3 un accidente fue traslado a emergencias del Hospital Santo Angelo, donde se solicit\u00f3 el traslado a Misiones en vuelo sanitario.<\/p>\n\n\n\n<p><br>El Gobierno tom\u00f3 conocimiento del caso y activ\u00f3 el dispositivo de traslado a\u00e9reo del misionero<br>desde Santo Angelo a Posadas.<br>El vuelo sanitario arrib\u00f3 hoy pasado el mediod\u00eda al Aeropuerto Internacional Libertador General Jos\u00e9 de San Mart\u00edn, donde lo esperaba una ambulancia de la alta complejidad , de la Unidad Central de Traslados, para su derivaci\u00f3n al Hospital Escuela de Agudos Dr. Ram\u00f3n Madariaga.<\/p>\n","protected":false},"excerpt":{"rendered":"<p>Un misionero de 47 a&ntilde;os, que sufri&oacute; un accidente de tr&aacute;nsito en moto fue trasladado en unvuelo sanitario, hoy, desde Santo Angelo- Brasil hacia Posadas, tras las gestiones realizadaspor el&hellip; <\/p>\n","protected":false},"author":3,"featured_media":5673,"comment_status":"closed","ping_status":"open","sticky":false,"template":"","format":"standard","meta":{"_monsterinsights_skip_tracking":false,"_monsterinsights_sitenote_active":false,"_monsterinsights_sitenote_note":"","_monsterinsights_sitenote_category":0},"categories":[3],"tags":[19],"aioseo_notices":[],"_links":{"self":[{"href":"https:\/\/radionewsmisiones.ar\/site\/wp-json\/wp\/v2\/posts\/5672"}],"collection":[{"href":"https:\/\/radionewsmisiones.ar\/site\/wp-json\/wp\/v2\/posts"}],"about":[{"href":"https:\/\/radionewsmisiones.ar\/site\/wp-json\/wp\/v2\/types\/post"}],"author":[{"embeddable":true,"href":"https:\/\/radionewsmisiones.ar\/site\/wp-json\/wp\/v2\/users\/3"}],"replies":[{"embeddable":true,"href":"https:\/\/radionewsmisiones.ar\/site\/wp-json\/wp\/v2\/comments?post=5672"}],"version-history":[{"count":1,"href":"https:\/\/radionewsmisiones.ar\/site\/wp-json\/wp\/v2\/posts\/5672\/revisions"}],"predecessor-version":[{"id":5674,"href":"https:\/\/radionewsmisiones.ar\/site\/wp-json\/wp\/v2\/posts\/5672\/revisions\/5674"}],"wp:featuredmedia":[{"embeddable":true,"href":"https:\/\/radionewsmisiones.ar\/site\/wp-json\/wp\/v2\/media\/5673"}],"wp:attachment":[{"href":"https:\/\/radionewsmisiones.ar\/site\/wp-json\/wp\/v2\/media?parent=5672"}],"wp:term":[{"taxonomy":"category","embeddable":true,"href":"https:\/\/radionewsmisiones.ar\/site\/wp-json\/wp\/v2\/categories?post=5672"},{"taxonomy":"post_tag","embeddable":true,"href":"https:\/\/radionewsmisiones.ar\/site\/wp-json\/wp\/v2\/tags?post=5672"}],"curies":[{"name":"wp","href":"https:\/\/api.w.org\/{rel}","templated":true}]}}