{"id":5679,"date":"2023-01-29T17:32:30","date_gmt":"2023-01-29T20:32:30","guid":{"rendered":"https:\/\/radionewsmisiones.ar\/site\/?p=5679"},"modified":"2023-01-29T17:32:36","modified_gmt":"2023-01-29T20:32:36","slug":"se-continua-impulsando-talleres-de-huertas-sustentables-en-los-merenderos-y-comedores-municipales","status":"publish","type":"post","link":"https:\/\/radionewsmisiones.ar\/site\/provinciales\/se-continua-impulsando-talleres-de-huertas-sustentables-en-los-merenderos-y-comedores-municipales\/","title":{"rendered":"Se contin\u00faa impulsando talleres de huertas sustentables en los merenderos y comedores municipales"},"content":{"rendered":"\n<p>Con el fin de contribuir al fortalecimiento y la difusi\u00f3n de la econom\u00eda social, este viernes por la ma\u00f1ana se dict\u00f3 un taller sobre huertas comunitarias en el comedor y merendero municipal \u201cPancita Feliz\u00bb ubicado en el barrio 508 Viviendas de Itaemb\u00e9 Guaz\u00fa. Es la cuarta capacitaci\u00f3n que se realiza en el a\u00f1o.<\/p>\n\n\n\n<figure class=\"wp-block-image size-large\"><img loading=\"lazy\" width=\"1024\" height=\"576\" src=\"https:\/\/radionewsmisiones.ar\/site\/wp-content\/uploads\/2023\/01\/WhatsApp-Image-2023-01-27-at-18.52.47-1024x576.jpeg\" alt=\"\" class=\"wp-image-5680\" srcset=\"https:\/\/radionewsmisiones.ar\/site\/wp-content\/uploads\/2023\/01\/WhatsApp-Image-2023-01-27-at-18.52.47-1024x576.jpeg 1024w, https:\/\/radionewsmisiones.ar\/site\/wp-content\/uploads\/2023\/01\/WhatsApp-Image-2023-01-27-at-18.52.47-300x169.jpeg 300w, https:\/\/radionewsmisiones.ar\/site\/wp-content\/uploads\/2023\/01\/WhatsApp-Image-2023-01-27-at-18.52.47-768x432.jpeg 768w, https:\/\/radionewsmisiones.ar\/site\/wp-content\/uploads\/2023\/01\/WhatsApp-Image-2023-01-27-at-18.52.47-1536x864.jpeg 1536w, https:\/\/radionewsmisiones.ar\/site\/wp-content\/uploads\/2023\/01\/WhatsApp-Image-2023-01-27-at-18.52.47.jpeg 1600w\" sizes=\"(max-width: 1024px) 100vw, 1024px\" \/><\/figure>\n\n\n\n<p>Se brindaron t\u00e9cnicas, cuidados y estrategias sobre el armado y planificaci\u00f3n de una huerta org\u00e1nica de autoconsumo. M\u00e1s de veinte vecinos participaron de la jornada organizada por la Unidad de Coordinaci\u00f3n y Control de Gesti\u00f3n Municipal, en conjunto con el Centro Verde, la cual tuvo por objetivo fomentar la producci\u00f3n familiar de alimentos para el autoconsumo y la autosustentabilidad del comedor y merendero municipal de la zona.<\/p>\n\n\n\n<p>Los capacitadores se\u00f1alaron pautas de manejo que contemplan la preparaci\u00f3n del suelo, la elecci\u00f3n de especies adecuadas para esta \u00e9poca del a\u00f1o y un cuidado acorde a la demanda de cada una de ellas. La intenci\u00f3n de esta iniciativa fue incentivar y apoyar a aquellas familias que deseen producir alimentos procurando la sustentabilidad econ\u00f3mica y ambiental de sus hogares.<\/p>\n\n\n\n<p>La titular de la Unidad de Coordinaci\u00f3n y Control de Gesti\u00f3n, Yolanda Asunci\u00f3n, destac\u00f3 que \u201chace tiempo venimos trabajando en conjunto con los vecinos de Itaemb\u00e9 Guaz\u00fa y con la se\u00f1ora Bianca, encargada del espacio. En esta oportunidad, se sumaron nuestros colegas del Centro Verde. Estamos felices de que los vecinos participen y se lleven las herramientas y conocimientos para crear sus huertas. Adem\u00e1s se les otorgar\u00e1 un certificado por realizar el curso\u201d.<\/p>\n\n\n\n<p>La Directora de Ambiente y Cambio Clim\u00e1tico de la Municipalidad de Posadas, Ana Paula Burzminski, indic\u00f3 que \u201cla intenci\u00f3n es llevar estas capacitaciones a muchos barrios m\u00e1s y abordar todo lo referido a la plantaci\u00f3n de huertas, trasplantes de plantines y fertilizantes; priorizando siempre la sustentabilidad de los vecinos\u201d.<\/p>\n\n\n\n<p>\u201cEstamos muy contentos por la convocatoria de las familias del barrio 508 Viviendas, estuvieron participando mucho y es una satisfacci\u00f3n poder brindar los insumos y estas recomendaciones para que puedan tener sus huertas\u201d, a\u00f1adi\u00f3.<\/p>\n\n\n\n<p>La encargada del comedor y merendero \u201cPancita Feliz\u201d Bianca G\u00f3mez, manifest\u00f3 que \u201caproximadamente 300 personas entre adultos y ni\u00f1os asisten al lugar, los martes, mi\u00e9rcoles y jueves. Estamos contentos con estos talleres porque los vecinos van a poder implementar sus propias huertas que son tan necesarias hoy en d\u00eda.<\/p>\n","protected":false},"excerpt":{"rendered":"<p>Con el fin de contribuir al fortalecimiento y la difusi&oacute;n de la econom&iacute;a social, este viernes por la ma&ntilde;ana se dict&oacute; un taller sobre huertas comunitarias en el comedor y&hellip; <\/p>\n","protected":false},"author":3,"featured_media":5681,"comment_status":"closed","ping_status":"open","sticky":false,"template":"","format":"standard","meta":{"_monsterinsights_skip_tracking":false,"_monsterinsights_sitenote_active":false,"_monsterinsights_sitenote_note":"","_monsterinsights_sitenote_category":0},"categories":[3],"tags":[22],"aioseo_notices":[],"_links":{"self":[{"href":"https:\/\/radionewsmisiones.ar\/site\/wp-json\/wp\/v2\/posts\/5679"}],"collection":[{"href":"https:\/\/radionewsmisiones.ar\/site\/wp-json\/wp\/v2\/posts"}],"about":[{"href":"https:\/\/radionewsmisiones.ar\/site\/wp-json\/wp\/v2\/types\/post"}],"author":[{"embeddable":true,"href":"https:\/\/radionewsmisiones.ar\/site\/wp-json\/wp\/v2\/users\/3"}],"replies":[{"embeddable":true,"href":"https:\/\/radionewsmisiones.ar\/site\/wp-json\/wp\/v2\/comments?post=5679"}],"version-history":[{"count":1,"href":"https:\/\/radionewsmisiones.ar\/site\/wp-json\/wp\/v2\/posts\/5679\/revisions"}],"predecessor-version":[{"id":5682,"href":"https:\/\/radionewsmisiones.ar\/site\/wp-json\/wp\/v2\/posts\/5679\/revisions\/5682"}],"wp:featuredmedia":[{"embeddable":true,"href":"https:\/\/radionewsmisiones.ar\/site\/wp-json\/wp\/v2\/media\/5681"}],"wp:attachment":[{"href":"https:\/\/radionewsmisiones.ar\/site\/wp-json\/wp\/v2\/media?parent=5679"}],"wp:term":[{"taxonomy":"category","embeddable":true,"href":"https:\/\/radionewsmisiones.ar\/site\/wp-json\/wp\/v2\/categories?post=5679"},{"taxonomy":"post_tag","embeddable":true,"href":"https:\/\/radionewsmisiones.ar\/site\/wp-json\/wp\/v2\/tags?post=5679"}],"curies":[{"name":"wp","href":"https:\/\/api.w.org\/{rel}","templated":true}]}}