{"id":5683,"date":"2023-01-29T17:54:08","date_gmt":"2023-01-29T20:54:08","guid":{"rendered":"https:\/\/radionewsmisiones.ar\/site\/?p=5683"},"modified":"2023-01-29T17:54:12","modified_gmt":"2023-01-29T20:54:12","slug":"misiones-presente-en-la-primera-red-de-ministros-de-educacion-de-latinoamerica","status":"publish","type":"post","link":"https:\/\/radionewsmisiones.ar\/site\/provinciales\/misiones-presente-en-la-primera-red-de-ministros-de-educacion-de-latinoamerica\/","title":{"rendered":"Misiones presente en la primera Red de Ministros de Educaci\u00f3n de Latinoam\u00e9rica"},"content":{"rendered":"\n<p>Con su primer encuentro en Washington DC, del 25 al 27 de enero 2023, habiendo congregado a m\u00e1s de 20 responsables de educaci\u00f3n de Latinoam\u00e9rica, entre los que contamos al ministro de Educaci\u00f3n de Misiones, Miguel Sedoff; naci\u00f3 una potente red de liderazgo e innovaci\u00f3n.<\/p>\n\n\n\n<figure class=\"wp-block-image size-large\"><img loading=\"lazy\" width=\"1024\" height=\"458\" src=\"https:\/\/radionewsmisiones.ar\/site\/wp-content\/uploads\/2023\/01\/WhatsApp-Image-2023-01-28-at-08.39.30-1024x458.jpeg\" alt=\"\" class=\"wp-image-5684\" srcset=\"https:\/\/radionewsmisiones.ar\/site\/wp-content\/uploads\/2023\/01\/WhatsApp-Image-2023-01-28-at-08.39.30-1024x458.jpeg 1024w, https:\/\/radionewsmisiones.ar\/site\/wp-content\/uploads\/2023\/01\/WhatsApp-Image-2023-01-28-at-08.39.30-300x134.jpeg 300w, https:\/\/radionewsmisiones.ar\/site\/wp-content\/uploads\/2023\/01\/WhatsApp-Image-2023-01-28-at-08.39.30-768x343.jpeg 768w, https:\/\/radionewsmisiones.ar\/site\/wp-content\/uploads\/2023\/01\/WhatsApp-Image-2023-01-28-at-08.39.30.jpeg 1280w\" sizes=\"(max-width: 1024px) 100vw, 1024px\" \/><\/figure>\n\n\n\n<p>\u00bfCu\u00e1ntos recursos y tiempo se podr\u00edan ahorrar las sociedades modernas con s\u00f3lo tener un panorama claro de los principales aciertos y errores en materia de pol\u00edtica educativa? \u00bfQu\u00e9 iniciativas funcionan efectivamente en la regi\u00f3n? \u00bfCu\u00e1les son los principales errores y c\u00f3mo se podr\u00edan evitar?<\/p>\n\n\n\n<p>Ese es el panorama que intenta lograr Comunidad Araucaria, la primera red que re\u00fane exclusivamente a ministros y secretarios de Educaci\u00f3n de la regi\u00f3n y es impulsada por Fundaci\u00f3n Varkey, Comunidad Atenea y actores educativos aliados: Georgetown University, Banco de Desarrollo de Am\u00e9rica Latina (CAF), Fundaci\u00f3n Coppel, Fundaci\u00f3n Incluyendo M\u00e9xico, Instituto Natura, Ticmas, Banco Interamericano de Desarrollo, Templeton World Charity Foundation y Fundaci\u00f3n Lemann.<\/p>\n\n\n\n<p>Esta primera edici\u00f3n cuenta con representantes de Uruguay, Ecuador, Paraguay -a nivel nacional- y de Argentina, Brasil, Colombia y M\u00e9xico &#8211; a nivel estadual. La agenda del encuentro contempla una s\u00f3lida formaci\u00f3n en liderazgo e innovaci\u00f3n en pol\u00edtica p\u00fablica que transcurre principalmente en la Universidad de Georgetown.<\/p>\n\n\n\n<p>\u201cVine con expectativas porque conozco el trabajo de Fundaci\u00f3n Varkey y creo que es un buen\u00edsimo inicio para la Comunidad Araucaria\u201d, destac\u00f3 el ministro de Misiones, Miguel Sedoff. Tambi\u00e9n sostuvo que \u201ctenemos el desaf\u00edo de sostenerla en el tiempo. Es una instancia muy buena y muy productiva, donde intercambiamos con colegas de varias partes de Latinoam\u00e9rica y dialogamos con especialistas, lo que sin duda contribuye a la mejora de nuestra gesti\u00f3n. Debemos seguir trabajando en red y unir fuerzas para salir adelante y lograr una educaci\u00f3n que genere oportunidades\u201d. El ministro misionero subray\u00f3 que \u00abcompartimos muchos problemas comunes y muchos desaf\u00edos y hemos podido ver soluciones creativas, interesantes e inteligentes que permitir\u00e1n optimizar los recursos y el trabajo\u201d.<\/p>\n\n\n\n<p>Andreas Schleicher, director de Educaci\u00f3n de la OCDE, hizo una diferencia entre encontrar informaci\u00f3n en internet y construir con eso una respuesta: \u201cTenemos que lograr estudiantes que no sean consumidores pasivos de contenido sino aprendices activos, cuestionadores. Cambiar la mentalidad es lo que necesitamos para cambiar los resultados\u201d. Y agreg\u00f3: \u201cSe trata de volver la escuela m\u00e1s real, que alimente aspiraciones entre los j\u00f3venes y ofrezca experiencias concretas\u201d.<\/p>\n\n\n\n<p>La comunidad busca tambi\u00e9n fortalecer v\u00ednculos entre los ministros, intercambiar ideas, y generar encuentros con actores educativos globales estrat\u00e9gicos con el fin de transformar positivamente la educaci\u00f3n a nivel regional. La comunidad mantendr\u00e1 adem\u00e1s una serie de encuentros con funcionarios del Departamento de Educaci\u00f3n de los Estados Unidos y recorrer\u00e1 escuelas de distintos niveles y modalidades para aprender del sistema local.<\/p>\n\n\n\n<p>Agust\u00edn Porres, director regional de la Fundaci\u00f3n Varkey, se\u00f1alaba que, si bien la experiencia de muchos ministros y secretarios de la regi\u00f3n es excepcional, hay una falta de tiempo y oportunidades para ponerlas sobre una mesa com\u00fan. \u201cSi aprovechamos esa valiosa riqueza\u201d, dijo, \u201chabremos ganado mucho en funci\u00f3n de mejorar los aprendizajes de los estudiantes de la regi\u00f3n\u201d.<\/p>\n\n\n\n<p>Ministros y secretario de Educaci\u00f3n participantes de la primera edici\u00f3n:<\/p>\n\n\n\n<p>Argentina<br>Miguel Sedoff &#8211; Misiones<br>Jos\u00e9 Manuel Thomas \u2013 Mendoza<br>Mart\u00edn Conrado M\u00fcller &#8211; Entre R\u00edos<br>Pr\u00e1xedes Ytat\u00ed L\u00f3pez &#8211; Corrientes<br>Mar\u00eda Teresa Bovi \u2013 Jujuy<\/p>\n\n\n\n<p>Brasil<br>Washington Bandeira &#8211; Piau\u00ed<br>Raquel Teixeira &#8211; Rio Grande do Sul<br>Vitor De Angelo &#8211; Esp\u00edrito Santo<br>Alan Porto &#8211; Mato Grosso<\/p>\n\n\n\n<p>Colombia<br>Edna Bonilla Seb\u00e1 \u2013 Bogot\u00e1<br>Marcela S\u00e1enz Secretary &#8211; Cundinamarca<br>Ludy P\u00e1ez Ortega &#8211; Norte de Santander<\/p>\n\n\n\n<p>Ecuador<br>Mar\u00eda Brown P\u00e9rez &#8211; Nacional<\/p>\n\n\n\n<p>M\u00e9xico<br>Aar\u00f3n A. Grageda Bustamante &#8211; Sonora<br>Sofialeticia Morales Garza &#8211; Nuevo Le\u00f3n<br>Rosa Aid\u00e9 Dom\u00ednguez Ochoa &#8211; Chiapas<br>Jorge Enrique Hern\u00e1ndez Meza &#8211; Guanajuato<br>Juan Carlos Flores Miramontes &#8211; Jalisco<br>Lorena Mart\u00ednez Rodr\u00edguez &#8211; Aguascalientes<br>Martha Elena Soto Obreg\u00f3n &#8211; Quer\u00e9taro<br>Zenyazen Roberto Escobar Garc\u00eda \u2013 Veracruz<\/p>\n\n\n\n<p>Paraguay<br>Nicol\u00e1s Z\u00e1rate Rojas &#8211; Nacional<\/p>\n\n\n\n<p>Uruguay<br>Robert Silva Garc\u00eda \u2013 Naciona<\/p>\n","protected":false},"excerpt":{"rendered":"<p>Con su primer encuentro en Washington DC, del 25 al 27 de enero 2023, habiendo congregado a m&aacute;s de 20 responsables de educaci&oacute;n de Latinoam&eacute;rica, entre los que contamos al&hellip; <\/p>\n","protected":false},"author":3,"featured_media":5685,"comment_status":"closed","ping_status":"open","sticky":false,"template":"","format":"standard","meta":{"_monsterinsights_skip_tracking":false,"_monsterinsights_sitenote_active":false,"_monsterinsights_sitenote_note":"","_monsterinsights_sitenote_category":0},"categories":[3],"tags":[26],"aioseo_notices":[],"_links":{"self":[{"href":"https:\/\/radionewsmisiones.ar\/site\/wp-json\/wp\/v2\/posts\/5683"}],"collection":[{"href":"https:\/\/radionewsmisiones.ar\/site\/wp-json\/wp\/v2\/posts"}],"about":[{"href":"https:\/\/radionewsmisiones.ar\/site\/wp-json\/wp\/v2\/types\/post"}],"author":[{"embeddable":true,"href":"https:\/\/radionewsmisiones.ar\/site\/wp-json\/wp\/v2\/users\/3"}],"replies":[{"embeddable":true,"href":"https:\/\/radionewsmisiones.ar\/site\/wp-json\/wp\/v2\/comments?post=5683"}],"version-history":[{"count":1,"href":"https:\/\/radionewsmisiones.ar\/site\/wp-json\/wp\/v2\/posts\/5683\/revisions"}],"predecessor-version":[{"id":5686,"href":"https:\/\/radionewsmisiones.ar\/site\/wp-json\/wp\/v2\/posts\/5683\/revisions\/5686"}],"wp:featuredmedia":[{"embeddable":true,"href":"https:\/\/radionewsmisiones.ar\/site\/wp-json\/wp\/v2\/media\/5685"}],"wp:attachment":[{"href":"https:\/\/radionewsmisiones.ar\/site\/wp-json\/wp\/v2\/media?parent=5683"}],"wp:term":[{"taxonomy":"category","embeddable":true,"href":"https:\/\/radionewsmisiones.ar\/site\/wp-json\/wp\/v2\/categories?post=5683"},{"taxonomy":"post_tag","embeddable":true,"href":"https:\/\/radionewsmisiones.ar\/site\/wp-json\/wp\/v2\/tags?post=5683"}],"curies":[{"name":"wp","href":"https:\/\/api.w.org\/{rel}","templated":true}]}}