{"id":5708,"date":"2023-01-31T07:03:05","date_gmt":"2023-01-31T10:03:05","guid":{"rendered":"https:\/\/radionewsmisiones.ar\/site\/?p=5708"},"modified":"2023-01-31T07:03:09","modified_gmt":"2023-01-31T10:03:09","slug":"fomentar-empleo-el-joven-inscriben-al-curso-de-introduccion-al-mundo-del-trabajo","status":"publish","type":"post","link":"https:\/\/radionewsmisiones.ar\/site\/provinciales\/fomentar-empleo-el-joven-inscriben-al-curso-de-introduccion-al-mundo-del-trabajo\/","title":{"rendered":"Fomentar Empleo el Joven: Inscriben al curso de Introducci\u00f3n al Mundo del Trabajo"},"content":{"rendered":"\n<p>Desde el Municipio se impulsa el empleo joven, que busca asistir a personas de entre 18 y 29 a\u00f1os a trav\u00e9s de la capacitaci\u00f3n. Por ello, se encuentra abierta la inscripci\u00f3n para el curso de Introducci\u00f3n al Mundo del Trabajo que iniciar\u00e1 durante la segunda quincena de febrero.<\/p>\n\n\n\n<figure class=\"wp-block-image size-full\"><img loading=\"lazy\" width=\"720\" height=\"756\" src=\"https:\/\/radionewsmisiones.ar\/site\/wp-content\/uploads\/2023\/01\/WhatsApp-Image-2023-01-30-at-15.22.38.jpeg\" alt=\"\" class=\"wp-image-5709\" srcset=\"https:\/\/radionewsmisiones.ar\/site\/wp-content\/uploads\/2023\/01\/WhatsApp-Image-2023-01-30-at-15.22.38.jpeg 720w, https:\/\/radionewsmisiones.ar\/site\/wp-content\/uploads\/2023\/01\/WhatsApp-Image-2023-01-30-at-15.22.38-286x300.jpeg 286w\" sizes=\"(max-width: 720px) 100vw, 720px\" \/><\/figure>\n\n\n\n<p>Los interesados deber\u00e1n acercarse a la Oficina de Empleo Posadas ubicada sobre la avenida Uruguay y calle F\u00e9lix Aguirre, de lunes a viernes en el horario de 07:00 a 19:00.Vale aclarar que los cupos son limitados y que se desarrollar\u00e1 en conjunto con la Universidad Popular de Misiones.<\/p>\n\n\n\n<p>El Curso de Introducci\u00f3n al Mundo Trabajo es una herramienta que posibilita a los j\u00f3venes mejorar sus oportunidades de empleo. All\u00ed se reflexiona sobre los objetivos de educaci\u00f3n y laborales de cada uno, analizando su experiencia y conocimientos y los que son requeridos en los puestos de trabajo demandados en su localidad o regi\u00f3n. Su finalidad es posibilitar a los j\u00f3venes la elecci\u00f3n de un itinerario que mejore su empleabilidad, a partir de un an\u00e1lisis de su propia situaci\u00f3n y la comprensi\u00f3n de las oportunidades laborales y educativas que ofrece el entorno.<\/p>\n\n\n\n<p>Asimismo, se prioriza los sectores m\u00e1s desfavorecidos de la poblaci\u00f3n generando mayores oportunidades de inclusi\u00f3n, a trav\u00e9s de la terminalidad educativa (en su nivel primario y\/o secundario), como as\u00ed tambi\u00e9n \u2013mientras est\u00e1n estudiando- pueden acceder a los talleres.<\/p>\n\n\n\n<p>Para m\u00e1s informaci\u00f3n comunicarse al tel\u00e9fono 44-26414 o bien al correo electr\u00f3nico: oficina_empleo@posadas.gov.ar.<\/p>\n","protected":false},"excerpt":{"rendered":"<p>Desde el Municipio se impulsa el empleo joven, que busca asistir a personas de entre 18 y 29 a&ntilde;os a trav&eacute;s de la capacitaci&oacute;n. Por ello, se encuentra abierta la&hellip; <\/p>\n","protected":false},"author":3,"featured_media":5709,"comment_status":"closed","ping_status":"open","sticky":false,"template":"","format":"standard","meta":{"_monsterinsights_skip_tracking":false,"_monsterinsights_sitenote_active":false,"_monsterinsights_sitenote_note":"","_monsterinsights_sitenote_category":0},"categories":[3],"tags":[22],"aioseo_notices":[],"_links":{"self":[{"href":"https:\/\/radionewsmisiones.ar\/site\/wp-json\/wp\/v2\/posts\/5708"}],"collection":[{"href":"https:\/\/radionewsmisiones.ar\/site\/wp-json\/wp\/v2\/posts"}],"about":[{"href":"https:\/\/radionewsmisiones.ar\/site\/wp-json\/wp\/v2\/types\/post"}],"author":[{"embeddable":true,"href":"https:\/\/radionewsmisiones.ar\/site\/wp-json\/wp\/v2\/users\/3"}],"replies":[{"embeddable":true,"href":"https:\/\/radionewsmisiones.ar\/site\/wp-json\/wp\/v2\/comments?post=5708"}],"version-history":[{"count":1,"href":"https:\/\/radionewsmisiones.ar\/site\/wp-json\/wp\/v2\/posts\/5708\/revisions"}],"predecessor-version":[{"id":5710,"href":"https:\/\/radionewsmisiones.ar\/site\/wp-json\/wp\/v2\/posts\/5708\/revisions\/5710"}],"wp:featuredmedia":[{"embeddable":true,"href":"https:\/\/radionewsmisiones.ar\/site\/wp-json\/wp\/v2\/media\/5709"}],"wp:attachment":[{"href":"https:\/\/radionewsmisiones.ar\/site\/wp-json\/wp\/v2\/media?parent=5708"}],"wp:term":[{"taxonomy":"category","embeddable":true,"href":"https:\/\/radionewsmisiones.ar\/site\/wp-json\/wp\/v2\/categories?post=5708"},{"taxonomy":"post_tag","embeddable":true,"href":"https:\/\/radionewsmisiones.ar\/site\/wp-json\/wp\/v2\/tags?post=5708"}],"curies":[{"name":"wp","href":"https:\/\/api.w.org\/{rel}","templated":true}]}}