{"id":5711,"date":"2023-01-31T07:04:35","date_gmt":"2023-01-31T10:04:35","guid":{"rendered":"https:\/\/radionewsmisiones.ar\/site\/?p=5711"},"modified":"2023-01-31T07:04:38","modified_gmt":"2023-01-31T10:04:38","slug":"asistencia-a-familias-damnificadas-por-los-incendios-en-el-b-la-paz-y-las-ch-189-y-72","status":"publish","type":"post","link":"https:\/\/radionewsmisiones.ar\/site\/provinciales\/asistencia-a-familias-damnificadas-por-los-incendios-en-el-b-la-paz-y-las-ch-189-y-72\/","title":{"rendered":"Asistencia a familias damnificadas por los incendios en el B\u00b0 La Paz  y las CH 189 y 72"},"content":{"rendered":"\n<p>La Municipalidad de Posadas, junto a otros entes provinciales, brind\u00f3 asistencia y acompa\u00f1amiento a las familias Quintana, Camisi y Da Silva, v\u00edctimas de los incendios producidos en sus domicilios del Barrio La Paz de Itaemb\u00e9 Min\u00ed, la Chacra 189 y la Chacra 72.<\/p>\n\n\n\n<figure class=\"wp-block-image size-large\"><img loading=\"lazy\" width=\"1024\" height=\"576\" src=\"https:\/\/radionewsmisiones.ar\/site\/wp-content\/uploads\/2023\/01\/WhatsApp-Image-2023-01-30-at-11.57.55-1-1024x576.jpeg\" alt=\"\" class=\"wp-image-5712\" srcset=\"https:\/\/radionewsmisiones.ar\/site\/wp-content\/uploads\/2023\/01\/WhatsApp-Image-2023-01-30-at-11.57.55-1-1024x576.jpeg 1024w, https:\/\/radionewsmisiones.ar\/site\/wp-content\/uploads\/2023\/01\/WhatsApp-Image-2023-01-30-at-11.57.55-1-300x169.jpeg 300w, https:\/\/radionewsmisiones.ar\/site\/wp-content\/uploads\/2023\/01\/WhatsApp-Image-2023-01-30-at-11.57.55-1-768x432.jpeg 768w, https:\/\/radionewsmisiones.ar\/site\/wp-content\/uploads\/2023\/01\/WhatsApp-Image-2023-01-30-at-11.57.55-1-1536x864.jpeg 1536w, https:\/\/radionewsmisiones.ar\/site\/wp-content\/uploads\/2023\/01\/WhatsApp-Image-2023-01-30-at-11.57.55-1.jpeg 1600w\" sizes=\"(max-width: 1024px) 100vw, 1024px\" \/><\/figure>\n\n\n\n<p>Desde la Direcci\u00f3n de Emergencia Social, dependiente de la Unidad de Coordinaci\u00f3n y Control de Gesti\u00f3n Municipal, se brind\u00f3 ayuda a Karina Quintana, sus tres hijos y su hermana Rutmila, vecinos del B\u00b0 La Paz; a Sergio Camisi y su familia, residentes de la Chacra 189; y a la Sra. Cecilia Da Silva, quien reside en el lugar con sus 2 hijos de 8 meses y 19 a\u00f1os, en la Chacra 72, por calle Formosa y Padre Serrano. Asimismo, se intervino en la limpieza del lugar, trasladando a las v\u00edctimas a la casa de familiares, donde se les asistir\u00e1 con colchones y alimentos.<\/p>\n\n\n\n<p>Durante el tr\u00e1gico escenario, ambas familias sufrieron p\u00e9rdidas materiales producto de incendios cuyas causas a\u00fan est\u00e1n siendo investigadas por las autoridades competentes. Cabe aclarar que las familias ya se encuentran bien y fuera de peligro.<\/p>\n\n\n\n<p>Se espera la continuidad del fen\u00f3meno clim\u00e1tico llegando al fin de la semana. Por esta raz\u00f3n, y a modo de anticipaci\u00f3n, la Direcci\u00f3n de Emergencia Social mantiene constante comunicaci\u00f3n con las Delegaciones Municipales, manteniendo las guardias y cuadrillas operativas.<\/p>\n\n\n\n<p>Desde la Municipalidad, tambi\u00e9n se resalta la labor de los Bomberos, cuyo r\u00e1pido accionar permiti\u00f3 sofocar r\u00e1pidamente el incendio previniendo v\u00edctimas o personas heridas. Se recuerda que ante cualquier emergencia, pueden comunicarse al n\u00famero de tel\u00e9fono 444-9063.<\/p>\n","protected":false},"excerpt":{"rendered":"<p>La Municipalidad de Posadas, junto a otros entes provinciales, brind&oacute; asistencia y acompa&ntilde;amiento a las familias Quintana, Camisi y Da Silva, v&iacute;ctimas de los incendios producidos en sus domicilios del&hellip; <\/p>\n","protected":false},"author":3,"featured_media":5713,"comment_status":"closed","ping_status":"open","sticky":false,"template":"","format":"standard","meta":{"_monsterinsights_skip_tracking":false,"_monsterinsights_sitenote_active":false,"_monsterinsights_sitenote_note":"","_monsterinsights_sitenote_category":0},"categories":[3],"tags":[22],"aioseo_notices":[],"_links":{"self":[{"href":"https:\/\/radionewsmisiones.ar\/site\/wp-json\/wp\/v2\/posts\/5711"}],"collection":[{"href":"https:\/\/radionewsmisiones.ar\/site\/wp-json\/wp\/v2\/posts"}],"about":[{"href":"https:\/\/radionewsmisiones.ar\/site\/wp-json\/wp\/v2\/types\/post"}],"author":[{"embeddable":true,"href":"https:\/\/radionewsmisiones.ar\/site\/wp-json\/wp\/v2\/users\/3"}],"replies":[{"embeddable":true,"href":"https:\/\/radionewsmisiones.ar\/site\/wp-json\/wp\/v2\/comments?post=5711"}],"version-history":[{"count":1,"href":"https:\/\/radionewsmisiones.ar\/site\/wp-json\/wp\/v2\/posts\/5711\/revisions"}],"predecessor-version":[{"id":5714,"href":"https:\/\/radionewsmisiones.ar\/site\/wp-json\/wp\/v2\/posts\/5711\/revisions\/5714"}],"wp:featuredmedia":[{"embeddable":true,"href":"https:\/\/radionewsmisiones.ar\/site\/wp-json\/wp\/v2\/media\/5713"}],"wp:attachment":[{"href":"https:\/\/radionewsmisiones.ar\/site\/wp-json\/wp\/v2\/media?parent=5711"}],"wp:term":[{"taxonomy":"category","embeddable":true,"href":"https:\/\/radionewsmisiones.ar\/site\/wp-json\/wp\/v2\/categories?post=5711"},{"taxonomy":"post_tag","embeddable":true,"href":"https:\/\/radionewsmisiones.ar\/site\/wp-json\/wp\/v2\/tags?post=5711"}],"curies":[{"name":"wp","href":"https:\/\/api.w.org\/{rel}","templated":true}]}}