{"id":5719,"date":"2023-01-31T07:16:50","date_gmt":"2023-01-31T10:16:50","guid":{"rendered":"https:\/\/radionewsmisiones.ar\/site\/?p=5719"},"modified":"2023-01-31T07:16:54","modified_gmt":"2023-01-31T10:16:54","slug":"upcn-ate-y-el-gobierno-firmaron-un-2313-de-aumento-adicional","status":"publish","type":"post","link":"https:\/\/radionewsmisiones.ar\/site\/nacionales\/upcn-ate-y-el-gobierno-firmaron-un-2313-de-aumento-adicional\/","title":{"rendered":"UPCN, ATE y el Gobierno firmaron un 23,13% de aumento adicional"},"content":{"rendered":"\n<p>Los gremios de trabajadores estatales UPCN y ATE firmaron este lunes con el Gobierno un aumento salarial adicional de 23,13% para el trimestre febrero-abril de este a\u00f1o, con lo cual completaron un incremento de 97% para la paritaria anual de 2022<\/p>\n\n\n\n<figure class=\"wp-block-image size-large\"><img loading=\"lazy\" width=\"1024\" height=\"577\" src=\"https:\/\/radionewsmisiones.ar\/site\/wp-content\/uploads\/2023\/01\/5ffe2220790cf-1024x577.png\" alt=\"\" class=\"wp-image-5720\" srcset=\"https:\/\/radionewsmisiones.ar\/site\/wp-content\/uploads\/2023\/01\/5ffe2220790cf-1024x577.png 1024w, https:\/\/radionewsmisiones.ar\/site\/wp-content\/uploads\/2023\/01\/5ffe2220790cf-300x169.png 300w, https:\/\/radionewsmisiones.ar\/site\/wp-content\/uploads\/2023\/01\/5ffe2220790cf-768x433.png 768w, https:\/\/radionewsmisiones.ar\/site\/wp-content\/uploads\/2023\/01\/5ffe2220790cf-1536x866.png 1536w, https:\/\/radionewsmisiones.ar\/site\/wp-content\/uploads\/2023\/01\/5ffe2220790cf.png 1573w\" sizes=\"(max-width: 1024px) 100vw, 1024px\" \/><\/figure>\n\n\n\n<p>\u00abEsperamos iniciar a la mayor brevedad posible las conversaciones de la paritaria correspondiente al per\u00edodo 2023 que empieza a regir el 1\u00b0 de junio del corriente a\u00f1o, donde apostamos a una baja inflacionaria que resguarde el poder adquisitivo del salario de los estatales\u00bb, inform\u00f3 en un comunicado la Uni\u00f3n del Personal Civil de la Naci\u00f3n (UPCN), el gremio que conduce Andr\u00e9s Rodr\u00edguez. <\/p>\n\n\n\n<p>Por su parte, la Asociaci\u00f3n Trabajadores del Estado (ATE), que dirige Hugo Godoy, destac\u00f3 que \u00abllegamos al 97% y le seguimos ganando a la inflaci\u00f3n\u00bb. Adem\u00e1s, inform\u00f3 que \u00abactualizamos el monto de reintegro por jardines de primera infancia a $ 32.300\u00bb y se logr\u00f3 el \u00abcompromiso para tratar la recomposici\u00f3n de grados -febrero- y el nuevo r\u00e9gimen de licencias, en abril\u00bb. <\/p>\n","protected":false},"excerpt":{"rendered":"<p>Los gremios de trabajadores estatales UPCN y ATE firmaron este lunes con el Gobierno un aumento salarial adicional de 23,13% para el trimestre febrero-abril de este a&ntilde;o, con lo cual&hellip; <\/p>\n","protected":false},"author":3,"featured_media":5720,"comment_status":"closed","ping_status":"open","sticky":false,"template":"","format":"standard","meta":{"_monsterinsights_skip_tracking":false,"_monsterinsights_sitenote_active":false,"_monsterinsights_sitenote_note":"","_monsterinsights_sitenote_category":0},"categories":[4],"tags":[],"aioseo_notices":[],"_links":{"self":[{"href":"https:\/\/radionewsmisiones.ar\/site\/wp-json\/wp\/v2\/posts\/5719"}],"collection":[{"href":"https:\/\/radionewsmisiones.ar\/site\/wp-json\/wp\/v2\/posts"}],"about":[{"href":"https:\/\/radionewsmisiones.ar\/site\/wp-json\/wp\/v2\/types\/post"}],"author":[{"embeddable":true,"href":"https:\/\/radionewsmisiones.ar\/site\/wp-json\/wp\/v2\/users\/3"}],"replies":[{"embeddable":true,"href":"https:\/\/radionewsmisiones.ar\/site\/wp-json\/wp\/v2\/comments?post=5719"}],"version-history":[{"count":1,"href":"https:\/\/radionewsmisiones.ar\/site\/wp-json\/wp\/v2\/posts\/5719\/revisions"}],"predecessor-version":[{"id":5721,"href":"https:\/\/radionewsmisiones.ar\/site\/wp-json\/wp\/v2\/posts\/5719\/revisions\/5721"}],"wp:featuredmedia":[{"embeddable":true,"href":"https:\/\/radionewsmisiones.ar\/site\/wp-json\/wp\/v2\/media\/5720"}],"wp:attachment":[{"href":"https:\/\/radionewsmisiones.ar\/site\/wp-json\/wp\/v2\/media?parent=5719"}],"wp:term":[{"taxonomy":"category","embeddable":true,"href":"https:\/\/radionewsmisiones.ar\/site\/wp-json\/wp\/v2\/categories?post=5719"},{"taxonomy":"post_tag","embeddable":true,"href":"https:\/\/radionewsmisiones.ar\/site\/wp-json\/wp\/v2\/tags?post=5719"}],"curies":[{"name":"wp","href":"https:\/\/api.w.org\/{rel}","templated":true}]}}