{"id":5731,"date":"2023-02-01T07:15:49","date_gmt":"2023-02-01T10:15:49","guid":{"rendered":"https:\/\/radionewsmisiones.ar\/site\/?p=5731"},"modified":"2023-02-01T07:17:31","modified_gmt":"2023-02-01T10:17:31","slug":"censo-la-poblacion-argentina-es-de-46-044-703-personas","status":"publish","type":"post","link":"https:\/\/radionewsmisiones.ar\/site\/nacionales\/censo-la-poblacion-argentina-es-de-46-044-703-personas\/","title":{"rendered":"Censo: la poblaci\u00f3n argentina es de 46.044.703 personas\u00a0"},"content":{"rendered":"\n<p>As\u00ed lo inform\u00f3 el director del Instituto Nacional de Estad\u00edstica y Censos (Indec), Marco Lavagna, en la presentaci\u00f3n de los resultados preliminares del estudio que se llev\u00f3 a cabo a nivel nacional el a\u00f1o pasado. La cifra representa un crecimiento del 14,77% en relaci\u00f3n con 2010, cuando se hab\u00edan reportado un total de 40.117.096 habitantes. <\/p>\n\n\n\n<figure class=\"wp-block-image size-full\"><img loading=\"lazy\" width=\"727\" height=\"448\" src=\"https:\/\/radionewsmisiones.ar\/site\/wp-content\/uploads\/2023\/02\/misiones.png\" alt=\"\" class=\"wp-image-5733\" srcset=\"https:\/\/radionewsmisiones.ar\/site\/wp-content\/uploads\/2023\/02\/misiones.png 727w, https:\/\/radionewsmisiones.ar\/site\/wp-content\/uploads\/2023\/02\/misiones-300x185.png 300w\" sizes=\"(max-width: 727px) 100vw, 727px\" \/><\/figure>\n\n\n\n<figure class=\"wp-block-embed is-type-video is-provider-youtube wp-block-embed-youtube wp-embed-aspect-16-9 wp-has-aspect-ratio\"><div class=\"wp-block-embed__wrapper\">\n<iframe loading=\"lazy\" title=\"Primeros resultados del Censo Nacional de  Poblaci\u00f3n, Hogares y Viviendas 2022\" width=\"1110\" height=\"624\" src=\"https:\/\/www.youtube.com\/embed\/IoMcIexi4EY?feature=oembed\" frameborder=\"0\" allow=\"accelerometer; autoplay; clipboard-write; encrypted-media; gyroscope; picture-in-picture; web-share\" allowfullscreen><\/iframe>\n<\/div><\/figure>\n\n\n\n<p>El 51,76% de la poblaci\u00f3n son mujeres y el 48,22% varones, lo que significa que hay 1,6 millones de mujeres m\u00e1s que varones, y el 0,02% no fue asociado a ninguno de esos dos sexos, se inform\u00f3 durante la presentaci\u00f3n que se realiz\u00f3 este martes a la tarde en el Sal\u00f3n Eva Per\u00f3n, ubicado en el 2\u00b0 piso de la sede central del Indec, en Avenida Julio A. Roca 609. El acto fue encabezado por el director del Instituto, Marco Lavagna, quien estuvo acompa\u00f1ado por el director t\u00e9cnico Pedro Lines, la directora nacional de Estad\u00edsticas Sociales y de Poblaci\u00f3n, Gladys Mass\u00e9 y el director nacional de metodolog\u00eda e infraestructura estad\u00edstica, Gerardo Mitas.  <\/p>\n\n\n\n<figure class=\"wp-block-image size-large\"><img loading=\"lazy\" width=\"1024\" height=\"566\" src=\"https:\/\/radionewsmisiones.ar\/site\/wp-content\/uploads\/2023\/02\/Fn1DfNlX0AEtbyb-1024x566.jpg\" alt=\"\" class=\"wp-image-5732\" srcset=\"https:\/\/radionewsmisiones.ar\/site\/wp-content\/uploads\/2023\/02\/Fn1DfNlX0AEtbyb-1024x566.jpg 1024w, https:\/\/radionewsmisiones.ar\/site\/wp-content\/uploads\/2023\/02\/Fn1DfNlX0AEtbyb-300x166.jpg 300w, https:\/\/radionewsmisiones.ar\/site\/wp-content\/uploads\/2023\/02\/Fn1DfNlX0AEtbyb-768x425.jpg 768w, https:\/\/radionewsmisiones.ar\/site\/wp-content\/uploads\/2023\/02\/Fn1DfNlX0AEtbyb.jpg 1521w\" sizes=\"(max-width: 1024px) 100vw, 1024px\" \/><\/figure>\n\n\n\n<p>En cuanto al total de viviendas, hay 17.805.711 en todo el pa\u00eds, de las cuales 17.780.210 son particulares y 25.501 colectivas (colegios internados; cuarteles; hogares de adultos mayores; hogares de ni\u00f1as, ni\u00f1os y adolescentes; hogares de religiosos; hoteles tur\u00edsticos, apart hoteles, caba\u00f1as tur\u00edsticas, y prisiones). <\/p>\n\n\n\n<p>La poblaci\u00f3n en viviendas particulares es de 45.767.858 personas, en viviendas colectivas llega a 273.883 y en situaci\u00f3n de calle a 2.962. <\/p>\n\n\n\n<p>En relaci\u00f3n a la poblaci\u00f3n en situaci\u00f3n de calle, Lavagna explic\u00f3 que a esa cifra se \u00abvan a incorporar datos de personas que est\u00e1n en albergues\u00bb porque \u00abel Censo se realiz\u00f3 el 16 de mayo 2022 (dos d\u00edas antes del Censo general), un d\u00eda fr\u00edo y la mayor cantidad de gente se hab\u00eda movilizado a paradores, y esa gente est\u00e1 contabilizada en viviendas colectivas\u00bb. <\/p>\n\n\n\n<p>El 55,28% del total de la poblaci\u00f3n contest\u00f3 a trav\u00e9s del Censo Digital: el 65% respondi\u00f3 el cuestionario por medio del celular, 53% a trav\u00e9s de una computadora y 1% por Tablet, mientras que el sitio web tuvo 25 millones de visitas. <\/p>\n\n\n\n<p><a href=\"https:\/\/www.indec.gob.ar\/ftp\/cuadros\/poblacion\/cnphv2022_resultados_provisionales.pdf\">CENSO 2021<\/a><\/p>\n","protected":false},"excerpt":{"rendered":"<p>As&iacute; lo inform&oacute; el director del Instituto Nacional de Estad&iacute;stica y Censos (Indec), Marco Lavagna, en la presentaci&oacute;n de los resultados preliminares del estudio que se llev&oacute; a cabo a&hellip; <\/p>\n","protected":false},"author":3,"featured_media":5732,"comment_status":"closed","ping_status":"open","sticky":false,"template":"","format":"standard","meta":{"_monsterinsights_skip_tracking":false,"_monsterinsights_sitenote_active":false,"_monsterinsights_sitenote_note":"","_monsterinsights_sitenote_category":0},"categories":[4],"tags":[130],"aioseo_notices":[],"_links":{"self":[{"href":"https:\/\/radionewsmisiones.ar\/site\/wp-json\/wp\/v2\/posts\/5731"}],"collection":[{"href":"https:\/\/radionewsmisiones.ar\/site\/wp-json\/wp\/v2\/posts"}],"about":[{"href":"https:\/\/radionewsmisiones.ar\/site\/wp-json\/wp\/v2\/types\/post"}],"author":[{"embeddable":true,"href":"https:\/\/radionewsmisiones.ar\/site\/wp-json\/wp\/v2\/users\/3"}],"replies":[{"embeddable":true,"href":"https:\/\/radionewsmisiones.ar\/site\/wp-json\/wp\/v2\/comments?post=5731"}],"version-history":[{"count":2,"href":"https:\/\/radionewsmisiones.ar\/site\/wp-json\/wp\/v2\/posts\/5731\/revisions"}],"predecessor-version":[{"id":5736,"href":"https:\/\/radionewsmisiones.ar\/site\/wp-json\/wp\/v2\/posts\/5731\/revisions\/5736"}],"wp:featuredmedia":[{"embeddable":true,"href":"https:\/\/radionewsmisiones.ar\/site\/wp-json\/wp\/v2\/media\/5732"}],"wp:attachment":[{"href":"https:\/\/radionewsmisiones.ar\/site\/wp-json\/wp\/v2\/media?parent=5731"}],"wp:term":[{"taxonomy":"category","embeddable":true,"href":"https:\/\/radionewsmisiones.ar\/site\/wp-json\/wp\/v2\/categories?post=5731"},{"taxonomy":"post_tag","embeddable":true,"href":"https:\/\/radionewsmisiones.ar\/site\/wp-json\/wp\/v2\/tags?post=5731"}],"curies":[{"name":"wp","href":"https:\/\/api.w.org\/{rel}","templated":true}]}}