{"id":5803,"date":"2023-02-03T07:33:13","date_gmt":"2023-02-03T10:33:13","guid":{"rendered":"https:\/\/radionewsmisiones.ar\/site\/?p=5803"},"modified":"2023-02-03T07:34:34","modified_gmt":"2023-02-03T10:34:34","slug":"llegan-al-pais-3-000-000-de-dosis-de-las-vacunas-bivalentes-contra-el-coronavirus","status":"publish","type":"post","link":"https:\/\/radionewsmisiones.ar\/site\/nacionales\/llegan-al-pais-3-000-000-de-dosis-de-las-vacunas-bivalentes-contra-el-coronavirus\/","title":{"rendered":"Llegan al pa\u00eds 3.000.000 de dosis de las vacunas bivalentes contra el coronavirus\u00a0"},"content":{"rendered":"\n<p>A partir de la semana pr\u00f3xima llegar\u00e1n al pa\u00eds 3 millones de dosis de la vacuna contra dos variantes de coronavirus del laboratorio Moderna, que se sumar\u00e1n a las que ya se est\u00e1n aplicando de Pfizer, lo que permitir\u00e1 incluir en la inmunizaci\u00f3n con este tipo de inoculantes a ni\u00f1as y ni\u00f1os a partir de los 6 a\u00f1os. <\/p>\n\n\n\n<figure class=\"wp-block-image size-large\"><img loading=\"lazy\" width=\"1024\" height=\"682\" src=\"https:\/\/radionewsmisiones.ar\/site\/wp-content\/uploads\/2023\/02\/Fm3lFKUXEBs-UY2-1024x682.jpg\" alt=\"\" class=\"wp-image-5804\" srcset=\"https:\/\/radionewsmisiones.ar\/site\/wp-content\/uploads\/2023\/02\/Fm3lFKUXEBs-UY2-1024x682.jpg 1024w, https:\/\/radionewsmisiones.ar\/site\/wp-content\/uploads\/2023\/02\/Fm3lFKUXEBs-UY2-300x200.jpg 300w, https:\/\/radionewsmisiones.ar\/site\/wp-content\/uploads\/2023\/02\/Fm3lFKUXEBs-UY2-768x512.jpg 768w, https:\/\/radionewsmisiones.ar\/site\/wp-content\/uploads\/2023\/02\/Fm3lFKUXEBs-UY2.jpg 1280w\" sizes=\"(max-width: 1024px) 100vw, 1024px\" \/><\/figure>\n\n\n\n<p>La ministra de Salud, Carla Vizzotti, anunci\u00f3 el 19 de enero pasado que Argentina incluir\u00eda las vacunas bivariantes contra el SARS-CoV-2 en el Plan Estrat\u00e9gico de Vacunaci\u00f3n contra Covid-19, y unos d\u00edas m\u00e1s tarde arrib\u00f3 el primer cargamento de la de Pfizer, que ya se est\u00e1 aplicando en todo el pa\u00eds. Vizzotti dijo que a partir del 6 de febrero llegar\u00edan al pa\u00eds unas 3 millones de dosis de la vacuna bivalente de Moderna, que en Estados Unidos fue autorizada en diciembre para su uso de emergencia en poblaci\u00f3n a partir de los 6 meses en adelante. <\/p>\n\n\n\n<p>La aplicaci\u00f3n de la vacuna bivariante a partir de los 6 a\u00f1os ampl\u00eda el universo actual de poblaci\u00f3n que recibir\u00e1 estas dosis, ya que la bivalente de Pfizer se est\u00e1 utilizando a partir de los 12 a\u00f1os. <\/p>\n\n\n\n<p>La vacuna que llegar\u00e1 a la Argentina es la Spikevax Bivariante Original\/\u00d3micron BA.4-5 (mRNA-1273.222), que en su composici\u00f3n contiene 25 microgramos del compuesto generado con el ARN del virus original (vulgarmente llamado Wuhan) y 25 microgramos de las subvariantes de \u00d3micron BA.4 y BA.5. <\/p>\n","protected":false},"excerpt":{"rendered":"<p>A partir de la semana pr&oacute;xima llegar&aacute;n al pa&iacute;s 3 millones de dosis de la vacuna contra dos variantes de coronavirus del laboratorio Moderna, que se sumar&aacute;n a las que&hellip; <\/p>\n","protected":false},"author":3,"featured_media":5804,"comment_status":"closed","ping_status":"open","sticky":false,"template":"","format":"standard","meta":{"_monsterinsights_skip_tracking":false,"_monsterinsights_sitenote_active":false,"_monsterinsights_sitenote_note":"","_monsterinsights_sitenote_category":0},"categories":[4],"tags":[19],"aioseo_notices":[],"_links":{"self":[{"href":"https:\/\/radionewsmisiones.ar\/site\/wp-json\/wp\/v2\/posts\/5803"}],"collection":[{"href":"https:\/\/radionewsmisiones.ar\/site\/wp-json\/wp\/v2\/posts"}],"about":[{"href":"https:\/\/radionewsmisiones.ar\/site\/wp-json\/wp\/v2\/types\/post"}],"author":[{"embeddable":true,"href":"https:\/\/radionewsmisiones.ar\/site\/wp-json\/wp\/v2\/users\/3"}],"replies":[{"embeddable":true,"href":"https:\/\/radionewsmisiones.ar\/site\/wp-json\/wp\/v2\/comments?post=5803"}],"version-history":[{"count":2,"href":"https:\/\/radionewsmisiones.ar\/site\/wp-json\/wp\/v2\/posts\/5803\/revisions"}],"predecessor-version":[{"id":5806,"href":"https:\/\/radionewsmisiones.ar\/site\/wp-json\/wp\/v2\/posts\/5803\/revisions\/5806"}],"wp:featuredmedia":[{"embeddable":true,"href":"https:\/\/radionewsmisiones.ar\/site\/wp-json\/wp\/v2\/media\/5804"}],"wp:attachment":[{"href":"https:\/\/radionewsmisiones.ar\/site\/wp-json\/wp\/v2\/media?parent=5803"}],"wp:term":[{"taxonomy":"category","embeddable":true,"href":"https:\/\/radionewsmisiones.ar\/site\/wp-json\/wp\/v2\/categories?post=5803"},{"taxonomy":"post_tag","embeddable":true,"href":"https:\/\/radionewsmisiones.ar\/site\/wp-json\/wp\/v2\/tags?post=5803"}],"curies":[{"name":"wp","href":"https:\/\/api.w.org\/{rel}","templated":true}]}}