{"id":5807,"date":"2023-02-03T09:05:37","date_gmt":"2023-02-03T12:05:37","guid":{"rendered":"https:\/\/radionewsmisiones.ar\/site\/?p=5807"},"modified":"2023-02-03T09:05:40","modified_gmt":"2023-02-03T12:05:40","slug":"el-gobernador-herrera-ahuad-y-el-diputado-lucas-romero-encabezaron-una-nueva-entrega-de-maquinaria-vial-para-municipios","status":"publish","type":"post","link":"https:\/\/radionewsmisiones.ar\/site\/provinciales\/el-gobernador-herrera-ahuad-y-el-diputado-lucas-romero-encabezaron-una-nueva-entrega-de-maquinaria-vial-para-municipios\/","title":{"rendered":"El gobernador Herrera Ahuad y el Diputado Lucas Romero encabezaron una nueva entrega de maquinaria vial para municipios"},"content":{"rendered":"\n<p>D\u00edas atr\u00e1s, en la Costanera de Posadas, junto al diputado provincial y candidato a vicegobernador, Lucas Romero Spinelli; y Marcelo P\u00e9rez Ministro de Gobierno; acompa\u00f1amos al gobernador Oscar Herrera Ahuad durante la entrega de camiones volcadores, compactadores y regadores que recibieron los municipios de Bernardo de Irigoyen, Eldorado, Montecarlo, Pozo Azul, Colonia Mado, Comandante Andresito, Posadas y Puerto Iguaz\u00fa; y la dependencia en dicha localidad del Instituto Misionero de Agua y Saneamiento (IMAS).<\/p>\n\n\n\n<figure class=\"wp-block-image size-full\"><img loading=\"lazy\" width=\"906\" height=\"605\" src=\"https:\/\/radionewsmisiones.ar\/site\/wp-content\/uploads\/2023\/02\/328633655_1407462360069950_5762517590222286913_n.jpg\" alt=\"\" class=\"wp-image-5808\" srcset=\"https:\/\/radionewsmisiones.ar\/site\/wp-content\/uploads\/2023\/02\/328633655_1407462360069950_5762517590222286913_n.jpg 906w, https:\/\/radionewsmisiones.ar\/site\/wp-content\/uploads\/2023\/02\/328633655_1407462360069950_5762517590222286913_n-300x200.jpg 300w, https:\/\/radionewsmisiones.ar\/site\/wp-content\/uploads\/2023\/02\/328633655_1407462360069950_5762517590222286913_n-768x513.jpg 768w\" sizes=\"(max-width: 906px) 100vw, 906px\" \/><\/figure>\n\n\n\n<p>El Gobernador destac\u00f3 que la entrega de esta flota de maquinarias viales, destinada a fortalecer la capacidad operativa de los municipios beneficiados, se logr\u00f3 mediante una compra importante que hizo el Gobierno provincial, algo que es posible gracias al orden administrativo y la solidez financiera de las cuentas p\u00fablicas provinciales. En ese sentido, subray\u00f3 que se trata de \u201cuna pol\u00edtica que atiende a los problemas dentro de su jurisdicci\u00f3n, pero sin dejar de mirar y de buscar el acompa\u00f1amiento de los niveles nacionales e internacionales en lo que respecta a los fondos de financiamiento para diferentes obras en la provincia\u201d.<\/p>\n\n\n\n<p>Herrera Ahuad tambi\u00e9n remarc\u00f3 que m\u00e1s de 50 comunas ya fueron beneficiadas de forma directa por el \u201cPrograma Provincial de Equipamiento Vial y Transformaci\u00f3n Digital para Municipios\u201d; adem\u00e1s de las entregas de equipamiento que se realizan por fuera de dicho programa.<\/p>\n\n\n\n<p>Participaron del acto los intendentes Leonardo Stelatto (Posadas), Guillermo Fern\u00e1ndez (Bernardo de Irigoyen), Fabio Mart\u00ednez (Eldorado), Jorge Lovato (Montecarlo), Edgar Gonzalez (Pozo Azul), Roberto Wern (Colonia Mado), Bruno Beck (Comandante Andresito) y Claudio Filippa (Puerto Iguaz\u00fa).<\/p>\n","protected":false},"excerpt":{"rendered":"<p>D&iacute;as atr&aacute;s, en la Costanera de Posadas, junto al diputado provincial y candidato a vicegobernador, Lucas Romero Spinelli; y Marcelo P&eacute;rez Ministro de Gobierno; acompa&ntilde;amos al gobernador Oscar Herrera Ahuad&hellip; <\/p>\n","protected":false},"author":3,"featured_media":5809,"comment_status":"closed","ping_status":"open","sticky":false,"template":"","format":"standard","meta":{"_monsterinsights_skip_tracking":false,"_monsterinsights_sitenote_active":false,"_monsterinsights_sitenote_note":"","_monsterinsights_sitenote_category":0},"categories":[3],"tags":[],"aioseo_notices":[],"_links":{"self":[{"href":"https:\/\/radionewsmisiones.ar\/site\/wp-json\/wp\/v2\/posts\/5807"}],"collection":[{"href":"https:\/\/radionewsmisiones.ar\/site\/wp-json\/wp\/v2\/posts"}],"about":[{"href":"https:\/\/radionewsmisiones.ar\/site\/wp-json\/wp\/v2\/types\/post"}],"author":[{"embeddable":true,"href":"https:\/\/radionewsmisiones.ar\/site\/wp-json\/wp\/v2\/users\/3"}],"replies":[{"embeddable":true,"href":"https:\/\/radionewsmisiones.ar\/site\/wp-json\/wp\/v2\/comments?post=5807"}],"version-history":[{"count":1,"href":"https:\/\/radionewsmisiones.ar\/site\/wp-json\/wp\/v2\/posts\/5807\/revisions"}],"predecessor-version":[{"id":5810,"href":"https:\/\/radionewsmisiones.ar\/site\/wp-json\/wp\/v2\/posts\/5807\/revisions\/5810"}],"wp:featuredmedia":[{"embeddable":true,"href":"https:\/\/radionewsmisiones.ar\/site\/wp-json\/wp\/v2\/media\/5809"}],"wp:attachment":[{"href":"https:\/\/radionewsmisiones.ar\/site\/wp-json\/wp\/v2\/media?parent=5807"}],"wp:term":[{"taxonomy":"category","embeddable":true,"href":"https:\/\/radionewsmisiones.ar\/site\/wp-json\/wp\/v2\/categories?post=5807"},{"taxonomy":"post_tag","embeddable":true,"href":"https:\/\/radionewsmisiones.ar\/site\/wp-json\/wp\/v2\/tags?post=5807"}],"curies":[{"name":"wp","href":"https:\/\/api.w.org\/{rel}","templated":true}]}}