{"id":5813,"date":"2023-02-06T06:59:43","date_gmt":"2023-02-06T09:59:43","guid":{"rendered":"https:\/\/radionewsmisiones.ar\/site\/?p=5813"},"modified":"2023-02-06T06:59:48","modified_gmt":"2023-02-06T09:59:48","slug":"desarrollo-social-lanzo-verano-activo-un-programa-destinado-a-adultos-mayores-de-la-provincia","status":"publish","type":"post","link":"https:\/\/radionewsmisiones.ar\/site\/provinciales\/desarrollo-social-lanzo-verano-activo-un-programa-destinado-a-adultos-mayores-de-la-provincia\/","title":{"rendered":"Desarrollo Social lanz\u00f3 Verano Activo un programa destinado a adultos mayores de la Provincia"},"content":{"rendered":"\n<p>En un verano donde sus altas temperaturas est\u00e1n presentes, la salud f\u00edsica y mental de las<br>personas suelen estar en riegos. Por este motivo, el Ministerio de Desarrollo Social, la Mujer y la<br>Juventud lanz\u00f3 Verano Activo 2.023, una propuesta de ense\u00f1anza basada en turismo social,<br>recreaci\u00f3n y deporte en el sostenimiento afectivo de las personas Mayores, con el objetivo de<br>brindarles un espacio donde puedan compartir y disfrutar en forma grupal diferentes tipos de<br>actividades.<\/p>\n\n\n\n<figure class=\"wp-block-embed is-type-video is-provider-youtube wp-block-embed-youtube wp-embed-aspect-16-9 wp-has-aspect-ratio\"><div class=\"wp-block-embed__wrapper\">\n<iframe loading=\"lazy\" title=\"Desarrollo Social lanz\u00f3 Verano Activo un programa destinado a adultos mayores de la Provincia\" width=\"1110\" height=\"624\" src=\"https:\/\/www.youtube.com\/embed\/LdaZBd3c9lY?feature=oembed\" frameborder=\"0\" allow=\"accelerometer; autoplay; clipboard-write; encrypted-media; gyroscope; picture-in-picture; web-share\" allowfullscreen><\/iframe>\n<\/div><\/figure>\n\n\n\n<p><br>El programa inici\u00f3 el mi\u00e9rcoles 2 de febrero en el Club de Educaci\u00f3n de Posadas, y se repetir\u00e1 los<br>d\u00edas 3, 28 del corriente mes y el 1 de marzo, destinado a un total de 1.200 adultos mayores.<br>Asimismo, los d\u00edas 12 y 19 de febrero se llevar\u00e1n las actividades a la Playa del Sol de San Ignacio y<br>los d\u00edas 15 y 22 al Salto Berrondo de Ober\u00e1. Durante las jornadas se realizar\u00e1 gimnasia en el agua,<br>yoga, ritmo, kayak, caminata y excursiones. Asimismo, tambi\u00e9n habr\u00e1 actividades recreativas de<br>canto, teatro y folclore.<br>El ministro de Desarrollo Social, Fernando Meza, destac\u00f3 el trabajo de las personas responsables<br>de llevar estas actividades de suma importancia para los adultos mayores. \u201cTrabajamos en<br>pol\u00edticas p\u00fablicas para que ellos tengan sus espacios de encuentro y recreaci\u00f3n, que cuenten con<br>igualdad de oportunidades\u201d, detall\u00f3 y agreg\u00f3 que, \u201cqueremos volver a vincular a los adultos con el<br>\u00e1mbito educativo que nos trasmitan sus valores y conocimientos, generar espacios de encuentros<br>compartidos\u201d.<br>En la misma sinton\u00eda, el subsecretario de Adultos Mayores, Juan Carlos Ferreyra, manifest\u00f3 su<br>conformidad por poder realizar este tipo de actividades de inclusi\u00f3n para esta franja etaria de la<br>poblaci\u00f3n. \u201cEs una alegr\u00eda enorme poder lanzar el programa Verano Activo donde participar\u00e1n<br>m\u00e1s de 300 adultos en las jornadas que realizaremos en distintos puntos de la Provincia, donde las<br>personas mayores podr\u00e1n disfrutar de distintos espacios recreativos\u201d, se\u00f1al\u00f3.<br>Por su parte, el vicepresidente del Consejo Provincial de Adultos Mayores, Alejandro Miravet,<br>acompa\u00f1\u00f3 a todas las delegaciones que participan de la jornada y ponder\u00f3 los proyectos que se<br>llevan adelante desde el \u00e1rea del Ministerio. \u201cLos programas de la Subsecretar\u00eda de Adultos<br>Mayores son muy ambiciosos y responden a la demanda de los adultos, de tener espacios de<br>recreaci\u00f3n como tiene toda la poblaci\u00f3n, este es un proceso de igualdad de derechos\u201d, asegur\u00f3.<br>El programa Verano Activo alcanzar\u00e1 a casi 2.000 adultos mayores que participar\u00e1n de las diversas<br>actividades propuestas, como as\u00ed tambi\u00e9n de desayunos, almuerzos y cenas para compartir con<br>sus pares. De esta manera, el Gobierno de Misiones contin\u00faa con sus trabajos de inclusi\u00f3n y<br>pol\u00edticas de alcance democr\u00e1tico para toda la poblaci\u00f3n, sin distinci\u00f3n de edad o clase social.<\/p>\n","protected":false},"excerpt":{"rendered":"<p>En un verano donde sus altas temperaturas est&aacute;n presentes, la salud f&iacute;sica y mental de laspersonas suelen estar en riegos. Por este motivo, el Ministerio de Desarrollo Social, la Mujer&hellip; <\/p>\n","protected":false},"author":3,"featured_media":5814,"comment_status":"closed","ping_status":"open","sticky":false,"template":"","format":"standard","meta":{"_monsterinsights_skip_tracking":false,"_monsterinsights_sitenote_active":false,"_monsterinsights_sitenote_note":"","_monsterinsights_sitenote_category":0},"categories":[3],"tags":[25],"aioseo_notices":[],"_links":{"self":[{"href":"https:\/\/radionewsmisiones.ar\/site\/wp-json\/wp\/v2\/posts\/5813"}],"collection":[{"href":"https:\/\/radionewsmisiones.ar\/site\/wp-json\/wp\/v2\/posts"}],"about":[{"href":"https:\/\/radionewsmisiones.ar\/site\/wp-json\/wp\/v2\/types\/post"}],"author":[{"embeddable":true,"href":"https:\/\/radionewsmisiones.ar\/site\/wp-json\/wp\/v2\/users\/3"}],"replies":[{"embeddable":true,"href":"https:\/\/radionewsmisiones.ar\/site\/wp-json\/wp\/v2\/comments?post=5813"}],"version-history":[{"count":1,"href":"https:\/\/radionewsmisiones.ar\/site\/wp-json\/wp\/v2\/posts\/5813\/revisions"}],"predecessor-version":[{"id":5815,"href":"https:\/\/radionewsmisiones.ar\/site\/wp-json\/wp\/v2\/posts\/5813\/revisions\/5815"}],"wp:featuredmedia":[{"embeddable":true,"href":"https:\/\/radionewsmisiones.ar\/site\/wp-json\/wp\/v2\/media\/5814"}],"wp:attachment":[{"href":"https:\/\/radionewsmisiones.ar\/site\/wp-json\/wp\/v2\/media?parent=5813"}],"wp:term":[{"taxonomy":"category","embeddable":true,"href":"https:\/\/radionewsmisiones.ar\/site\/wp-json\/wp\/v2\/categories?post=5813"},{"taxonomy":"post_tag","embeddable":true,"href":"https:\/\/radionewsmisiones.ar\/site\/wp-json\/wp\/v2\/tags?post=5813"}],"curies":[{"name":"wp","href":"https:\/\/api.w.org\/{rel}","templated":true}]}}