{"id":5867,"date":"2023-02-07T07:14:50","date_gmt":"2023-02-07T10:14:50","guid":{"rendered":"https:\/\/radionewsmisiones.ar\/site\/?p=5867"},"modified":"2023-02-07T07:14:53","modified_gmt":"2023-02-07T10:14:53","slug":"alegria-y-curiosidad-en-el-primer-dia-de-adaptacion-en-los-jardines-maternales","status":"publish","type":"post","link":"https:\/\/radionewsmisiones.ar\/site\/provinciales\/alegria-y-curiosidad-en-el-primer-dia-de-adaptacion-en-los-jardines-maternales\/","title":{"rendered":"Alegr\u00eda y curiosidad, en el primer d\u00eda de adaptaci\u00f3n en los Jardines Maternales"},"content":{"rendered":"\n<p>Tras el receso de verano, este lunes los cuatro Jardines Maternales que dependen del municipio iniciaron el per\u00edodo de adaptaci\u00f3n. Con el acompa\u00f1amiento de padres y familiares, 150 peque\u00f1os disfrutaron de su primer d\u00eda en una jornada marcada por la alegr\u00eda, nervios y aprendizaje.<\/p>\n\n\n\n<figure class=\"wp-block-image size-full\"><img loading=\"lazy\" width=\"738\" height=\"672\" src=\"https:\/\/radionewsmisiones.ar\/site\/wp-content\/uploads\/2023\/02\/WhatsApp-Image-2023-02-06-at-18.25.40.jpeg\" alt=\"\" class=\"wp-image-5868\" srcset=\"https:\/\/radionewsmisiones.ar\/site\/wp-content\/uploads\/2023\/02\/WhatsApp-Image-2023-02-06-at-18.25.40.jpeg 738w, https:\/\/radionewsmisiones.ar\/site\/wp-content\/uploads\/2023\/02\/WhatsApp-Image-2023-02-06-at-18.25.40-300x273.jpeg 300w\" sizes=\"(max-width: 738px) 100vw, 738px\" \/><\/figure>\n\n\n\n<p>Los chicos de las salas del \u201cCoraz\u00f3n de Mar\u00eda\u201d (Itaemb\u00e9 Min\u00ed), \u201cEmilio Gottschalk\u201d (zona Centro), \u201cLa Victoria\u201d (barrio San Lorenzo), y \u201cPosadas\u201d (avenida Jauretche casi Comandante Andresito), se encuentran en un proceso de conocimiento y reconocimiento, de construcci\u00f3n de v\u00ednculos a trav\u00e9s del juego, acompa\u00f1amiento y contenci\u00f3n, desde el amor, respeto y cuidado por parte de los agentes municipales.<\/p>\n\n\n\n<p>Cabe destacar que los horarios establecidos para la adaptaci\u00f3n de cada ni\u00f1o fueron pautados de antemano entre tutores y docentes dependiendo de la rutina de cada uno de ellos. Este per\u00edodo sirve para ayudar a los m\u00e1s bajitos a integrarse en forma paulatina al nuevo espacio y a esta nueva etapa de sus vidas.<\/p>\n\n\n\n<p>Los Jardines Maternales Municipales, constituyen en la primera experiencia de socializaci\u00f3n fuera del n\u00facleo familiar, son espacios que cuentan con personal capacitado y tambi\u00e9n con un servicio de alimentaci\u00f3n supervisado por nutricionista para lograr la mejor atenci\u00f3n de los m\u00e1s peque\u00f1os. Se encuentran bajo la \u00f3rbita de la Secretar\u00eda de Salud y Desarrollo Humano.<\/p>\n\n\n\n<p>En esta primera etapa de su vida, el Jard\u00edn Maternal les ofrece una oportunidad para el encuentro con otros, en un \u00e1mbito totalmente preparado para recibirlos y estar a disposici\u00f3n de sus m\u00faltiples requerimientos. Las actividades tambi\u00e9n est\u00e1n orientadas al cuidado de la salud de los ni\u00f1os (atenci\u00f3n de sus necesidades de alimentaci\u00f3n, higiene y descanso) como propiciar h\u00e1bitos alimenticios beneficiosos para la salud en relaci\u00f3n con la variedad de alimentos que se ofrecen a ni\u00f1os y pautas elementales de higiene.<\/p>\n\n\n\n<p>Es importante resaltar que el Jard\u00edn Maternal es una instituci\u00f3n educativa y de socializaci\u00f3n temprana, que representa para el ni\u00f1o la posibilidad de ampliar su relaci\u00f3n con el mundo cultural, social y natural.<\/p>\n","protected":false},"excerpt":{"rendered":"<p>Tras el receso de verano, este lunes los cuatro Jardines Maternales que dependen del municipio iniciaron el per&iacute;odo de adaptaci&oacute;n. Con el acompa&ntilde;amiento de padres y familiares, 150 peque&ntilde;os disfrutaron&hellip; <\/p>\n","protected":false},"author":3,"featured_media":5869,"comment_status":"closed","ping_status":"open","sticky":false,"template":"","format":"standard","meta":{"_monsterinsights_skip_tracking":false,"_monsterinsights_sitenote_active":false,"_monsterinsights_sitenote_note":"","_monsterinsights_sitenote_category":0},"categories":[3],"tags":[22],"aioseo_notices":[],"_links":{"self":[{"href":"https:\/\/radionewsmisiones.ar\/site\/wp-json\/wp\/v2\/posts\/5867"}],"collection":[{"href":"https:\/\/radionewsmisiones.ar\/site\/wp-json\/wp\/v2\/posts"}],"about":[{"href":"https:\/\/radionewsmisiones.ar\/site\/wp-json\/wp\/v2\/types\/post"}],"author":[{"embeddable":true,"href":"https:\/\/radionewsmisiones.ar\/site\/wp-json\/wp\/v2\/users\/3"}],"replies":[{"embeddable":true,"href":"https:\/\/radionewsmisiones.ar\/site\/wp-json\/wp\/v2\/comments?post=5867"}],"version-history":[{"count":1,"href":"https:\/\/radionewsmisiones.ar\/site\/wp-json\/wp\/v2\/posts\/5867\/revisions"}],"predecessor-version":[{"id":5870,"href":"https:\/\/radionewsmisiones.ar\/site\/wp-json\/wp\/v2\/posts\/5867\/revisions\/5870"}],"wp:featuredmedia":[{"embeddable":true,"href":"https:\/\/radionewsmisiones.ar\/site\/wp-json\/wp\/v2\/media\/5869"}],"wp:attachment":[{"href":"https:\/\/radionewsmisiones.ar\/site\/wp-json\/wp\/v2\/media?parent=5867"}],"wp:term":[{"taxonomy":"category","embeddable":true,"href":"https:\/\/radionewsmisiones.ar\/site\/wp-json\/wp\/v2\/categories?post=5867"},{"taxonomy":"post_tag","embeddable":true,"href":"https:\/\/radionewsmisiones.ar\/site\/wp-json\/wp\/v2\/tags?post=5867"}],"curies":[{"name":"wp","href":"https:\/\/api.w.org\/{rel}","templated":true}]}}