{"id":5881,"date":"2023-02-07T07:25:34","date_gmt":"2023-02-07T10:25:34","guid":{"rendered":"https:\/\/radionewsmisiones.ar\/site\/?p=5881"},"modified":"2023-02-07T07:25:39","modified_gmt":"2023-02-07T10:25:39","slug":"se-encuentra-publicado-el-padron-provisorio","status":"publish","type":"post","link":"https:\/\/radionewsmisiones.ar\/site\/provinciales\/se-encuentra-publicado-el-padron-provisorio\/","title":{"rendered":"Se encuentra publicado el Padr\u00f3n Provisorio"},"content":{"rendered":"\n<p>Desde el 7 de febrero, y hasta el 27 de febrero inclusive, la ciudadan\u00eda de la Provincia de Misiones podr\u00e1 acceder al Padr\u00f3n Provisorio para constatar si sus datos son los correctos con vistas a las pr\u00f3ximas elecciones generales del 7 de mayo.<\/p>\n\n\n\n<p>Para lo cual se debe ingresar a:&nbsp;<a href=\"https:\/\/padron.electoralmisiones.gov.ar\/\" target=\"_blank\" rel=\"noreferrer noopener\">https:\/\/padron.electoralmisiones.gov.ar<\/a><\/p>\n\n\n\n<figure class=\"wp-block-image size-full\"><img loading=\"lazy\" width=\"768\" height=\"482\" src=\"https:\/\/radionewsmisiones.ar\/site\/wp-content\/uploads\/2023\/02\/image.png\" alt=\"\" class=\"wp-image-5882\" srcset=\"https:\/\/radionewsmisiones.ar\/site\/wp-content\/uploads\/2023\/02\/image.png 768w, https:\/\/radionewsmisiones.ar\/site\/wp-content\/uploads\/2023\/02\/image-300x188.png 300w\" sizes=\"(max-width: 768px) 100vw, 768px\" \/><\/figure>\n\n\n\n<p><strong>Pasos a seguir:<\/strong><\/p>\n\n\n\n<ol type=\"1\"><li>Al ingresar al link, se habilitar\u00e1 para completar dos campos (DNI (documento nacional de identidad) y el sexo que figura en el documento);<\/li><li>luego pedir\u00e1 tildar un cuadro de confirmaci\u00f3n para efectuar la b\u00fasqueda.<\/li><\/ol>\n\n\n\n<p><strong>MUY IMPORTANTE<\/strong>:<\/p>\n\n\n\n<ul><li>El link de b\u00fasqueda, y el de reclamo, estar\u00e1 habilitado desde el 7 de febrero hasta el 27 de febrero;<\/li><li>En caso de no aparecer en el Padr\u00f3n Provisorio o existiera alguna diferencia o dato err\u00f3neo, debe realizarse el reclamo;<\/li><\/ul>\n\n\n\n<p><strong>Preguntas Frecuentes respecto al Padr\u00f3n Provisorio<\/strong>:<\/p>\n\n\n\n<hr class=\"wp-block-separator has-alpha-channel-opacity\"\/>\n\n\n\n<ul><li>\u00bfQu\u00e9 datos del elector muestra la b\u00fasqueda en el Padr\u00f3n Provisorio?<\/li><\/ul>\n\n\n\n<p>En el Padr\u00f3n Provisorio se muestra:<\/p>\n\n\n\n<ul><li>Nombre y Apellido<\/li><li>Domicilio<\/li><li>N\u00famero de DNI<\/li><li>Tipo de Ejemplar del DNI.<\/li><\/ul>\n\n\n\n<hr class=\"wp-block-separator has-alpha-channel-opacity\"\/>\n\n\n\n<ul><li>\u00bfPor qu\u00e9 no figura el centro de votaci\u00f3n y la mesa donde voto?<\/li><\/ul>\n\n\n\n<p>En el Padr\u00f3n Provisorio se encuentran los datos censales del elector, las definiciones respecto a centros de votaci\u00f3n y mesas espec\u00edficas se publicar\u00e1n con el Padr\u00f3n Definitivo (a publicarse el 7 de abril de 2023).<\/p>\n\n\n\n<hr class=\"wp-block-separator has-alpha-channel-opacity\"\/>\n\n\n\n<ul><li>\u00bfQu\u00e9 hacer en caso de querer realizar un reclamo?<\/li><\/ul>\n\n\n\n<p>Desde el 7 de febrero, hasta el 27 de febrero, los&nbsp;<strong>reclamos&nbsp;<\/strong>se realizan ante la C\u00e1mara Electoral Nacional a trav\u00e9s de&nbsp;<a href=\"https:\/\/www.padron.gob.ar\/cne_reclamos\/\" target=\"_blank\" rel=\"noreferrer noopener\">https:\/\/www.padron.gob.ar\/cne_reclamos\/<\/a><\/p>\n\n\n\n<figure class=\"wp-block-image size-full\"><img loading=\"lazy\" width=\"1024\" height=\"522\" src=\"https:\/\/radionewsmisiones.ar\/site\/wp-content\/uploads\/2023\/02\/image-1.png\" alt=\"\" class=\"wp-image-5883\" srcset=\"https:\/\/radionewsmisiones.ar\/site\/wp-content\/uploads\/2023\/02\/image-1.png 1024w, https:\/\/radionewsmisiones.ar\/site\/wp-content\/uploads\/2023\/02\/image-1-300x153.png 300w, https:\/\/radionewsmisiones.ar\/site\/wp-content\/uploads\/2023\/02\/image-1-768x392.png 768w\" sizes=\"(max-width: 1024px) 100vw, 1024px\" \/><\/figure>\n","protected":false},"excerpt":{"rendered":"<p>Desde el 7 de febrero, y hasta el 27 de febrero inclusive, la ciudadan&iacute;a de la Provincia de Misiones podr&aacute; acceder al Padr&oacute;n Provisorio para constatar si sus datos son&hellip; <\/p>\n","protected":false},"author":3,"featured_media":5884,"comment_status":"closed","ping_status":"open","sticky":false,"template":"","format":"standard","meta":{"_monsterinsights_skip_tracking":false,"_monsterinsights_sitenote_active":false,"_monsterinsights_sitenote_note":"","_monsterinsights_sitenote_category":0},"categories":[3],"tags":[133],"aioseo_notices":[],"_links":{"self":[{"href":"https:\/\/radionewsmisiones.ar\/site\/wp-json\/wp\/v2\/posts\/5881"}],"collection":[{"href":"https:\/\/radionewsmisiones.ar\/site\/wp-json\/wp\/v2\/posts"}],"about":[{"href":"https:\/\/radionewsmisiones.ar\/site\/wp-json\/wp\/v2\/types\/post"}],"author":[{"embeddable":true,"href":"https:\/\/radionewsmisiones.ar\/site\/wp-json\/wp\/v2\/users\/3"}],"replies":[{"embeddable":true,"href":"https:\/\/radionewsmisiones.ar\/site\/wp-json\/wp\/v2\/comments?post=5881"}],"version-history":[{"count":1,"href":"https:\/\/radionewsmisiones.ar\/site\/wp-json\/wp\/v2\/posts\/5881\/revisions"}],"predecessor-version":[{"id":5885,"href":"https:\/\/radionewsmisiones.ar\/site\/wp-json\/wp\/v2\/posts\/5881\/revisions\/5885"}],"wp:featuredmedia":[{"embeddable":true,"href":"https:\/\/radionewsmisiones.ar\/site\/wp-json\/wp\/v2\/media\/5884"}],"wp:attachment":[{"href":"https:\/\/radionewsmisiones.ar\/site\/wp-json\/wp\/v2\/media?parent=5881"}],"wp:term":[{"taxonomy":"category","embeddable":true,"href":"https:\/\/radionewsmisiones.ar\/site\/wp-json\/wp\/v2\/categories?post=5881"},{"taxonomy":"post_tag","embeddable":true,"href":"https:\/\/radionewsmisiones.ar\/site\/wp-json\/wp\/v2\/tags?post=5881"}],"curies":[{"name":"wp","href":"https:\/\/api.w.org\/{rel}","templated":true}]}}