{"id":5886,"date":"2023-02-07T07:31:44","date_gmt":"2023-02-07T10:31:44","guid":{"rendered":"https:\/\/radionewsmisiones.ar\/site\/?p=5886"},"modified":"2023-02-07T07:31:50","modified_gmt":"2023-02-07T10:31:50","slug":"hospital-escuela-desde-otorrinolaringologia-informan-como-prevenir-el-sangrado-nasal-en-el-verano","status":"publish","type":"post","link":"https:\/\/radionewsmisiones.ar\/site\/provinciales\/hospital-escuela-desde-otorrinolaringologia-informan-como-prevenir-el-sangrado-nasal-en-el-verano\/","title":{"rendered":"Hospital Escuela: Desde Otorrinolaringolog\u00eda informan c\u00f3mo prevenir el sangrado nasal en el verano"},"content":{"rendered":"\n<p>Desde el Hospital Escuela de Agudos \u201cDr. Ram\u00f3n Madariaga\u201d informan a la comunidad sobre c\u00f3mo prevenir enfermedades otorrinolaringol\u00f3gicas que aumentan su frecuencia en el verano. En este caso desarrollar\u00e1n el tema: Sangrado nasal. Est\u00e1n recibiendo de 2 a 3 casos por semana en el Nosocomio.<\/p>\n\n\n\n<figure class=\"wp-block-embed is-type-video is-provider-youtube wp-block-embed-youtube wp-embed-aspect-16-9 wp-has-aspect-ratio\"><div class=\"wp-block-embed__wrapper\">\n<iframe loading=\"lazy\" title=\"Dr. Mat\u00edas Gonz\u00e1lez - Sangrado Nasal - Enfermedades de verano\" width=\"1110\" height=\"624\" src=\"https:\/\/www.youtube.com\/embed\/eMWh08rq5a8?feature=oembed\" frameborder=\"0\" allow=\"accelerometer; autoplay; clipboard-write; encrypted-media; gyroscope; picture-in-picture; web-share\" allowfullscreen><\/iframe>\n<\/div><\/figure>\n\n\n\n<p><br>En este contexto, del Servicio de Otorrinolaringolog\u00eda, el doctor Mat\u00edas Gonz\u00e1lez, se refiri\u00f3 a cul\u00e9s pueden ser las causas del sangrado nasal \u201cuna de las consultas m\u00e1s comunes en el verano es el sangrado nasal, a partir de la exposici\u00f3n al sol, al calor extremo, puede provocar la vasodilataci\u00f3n nasal, adem\u00e1s, el efecto de calor, en algunas personas, favorece a la hipertensi\u00f3n, condici\u00f3n que puede contribuir<br>al sangrado nasal\u201d.<\/p>\n\n\n\n<p><br>En relaci\u00f3n a las estad\u00edsticas, el Profesional detall\u00f3 que \u201cestamos registrando de 2 a 3 casos de sangrado nasal por semana, por lo que invitamos a la poblaci\u00f3n a 2023 \u201c\u201cA\u00f1o de la juventud para liderar el desarrollo sostenible y la econom\u00eda del conocimiento; de la resiliencia ante el cambio clim\u00e1tico y de la agricultura familiar como sistema productivo que garantiza la soberan\u00eda alimentaria\u201d. realizarse controles m\u00e9dicos para detectar una lesi\u00f3n primaria o primitiva, a nivel nasal, para ser cauterizada o llevar adelante alg\u00fan otro tratamiento preventivo\u201d.<\/p>\n\n\n\n<p><br>A modo de recomendaci\u00f3n puntualiz\u00f3 en la utilizaci\u00f3n de viseras o gorros, para evitar la exposici\u00f3n al sol y as\u00ed prevenir la vasodilataci\u00f3n. A ello agreg\u00f3 \u201ctambi\u00e9n con el uso de este elemento evitamos las lesiones solares en la cara, nariz y en el pabell\u00f3n auricular, aconsejamos tambi\u00e9n el uso de protector con un filtro de protecci\u00f3n solar mayor de 50\u201d.<br>Finalmente, continuando con el tema del da\u00f1o que genera el sol, el doctor Mat\u00edas Gonz\u00e1lez, remarc\u00f3 que se observan casos m\u00e1s agudos, con la presencia de eczemas, en el pabell\u00f3n auditivo, grandes lesiones que pican, supuran en algunos casos o la aparici\u00f3n de lunares, que a la larga pueden generar lesiones m\u00e1s profunda y m\u00e1s graves.<br><\/p>\n","protected":false},"excerpt":{"rendered":"<p>Desde el Hospital Escuela de Agudos &ldquo;Dr. Ram&oacute;n Madariaga&rdquo; informan a la comunidad sobre c&oacute;mo prevenir enfermedades otorrinolaringol&oacute;gicas que aumentan su frecuencia en el verano. En este caso desarrollar&aacute;n el&hellip; <\/p>\n","protected":false},"author":3,"featured_media":5887,"comment_status":"closed","ping_status":"open","sticky":false,"template":"","format":"standard","meta":{"_monsterinsights_skip_tracking":false,"_monsterinsights_sitenote_active":false,"_monsterinsights_sitenote_note":"","_monsterinsights_sitenote_category":0},"categories":[3],"tags":[24],"aioseo_notices":[],"_links":{"self":[{"href":"https:\/\/radionewsmisiones.ar\/site\/wp-json\/wp\/v2\/posts\/5886"}],"collection":[{"href":"https:\/\/radionewsmisiones.ar\/site\/wp-json\/wp\/v2\/posts"}],"about":[{"href":"https:\/\/radionewsmisiones.ar\/site\/wp-json\/wp\/v2\/types\/post"}],"author":[{"embeddable":true,"href":"https:\/\/radionewsmisiones.ar\/site\/wp-json\/wp\/v2\/users\/3"}],"replies":[{"embeddable":true,"href":"https:\/\/radionewsmisiones.ar\/site\/wp-json\/wp\/v2\/comments?post=5886"}],"version-history":[{"count":1,"href":"https:\/\/radionewsmisiones.ar\/site\/wp-json\/wp\/v2\/posts\/5886\/revisions"}],"predecessor-version":[{"id":5888,"href":"https:\/\/radionewsmisiones.ar\/site\/wp-json\/wp\/v2\/posts\/5886\/revisions\/5888"}],"wp:featuredmedia":[{"embeddable":true,"href":"https:\/\/radionewsmisiones.ar\/site\/wp-json\/wp\/v2\/media\/5887"}],"wp:attachment":[{"href":"https:\/\/radionewsmisiones.ar\/site\/wp-json\/wp\/v2\/media?parent=5886"}],"wp:term":[{"taxonomy":"category","embeddable":true,"href":"https:\/\/radionewsmisiones.ar\/site\/wp-json\/wp\/v2\/categories?post=5886"},{"taxonomy":"post_tag","embeddable":true,"href":"https:\/\/radionewsmisiones.ar\/site\/wp-json\/wp\/v2\/tags?post=5886"}],"curies":[{"name":"wp","href":"https:\/\/api.w.org\/{rel}","templated":true}]}}