{"id":5890,"date":"2023-02-07T07:50:25","date_gmt":"2023-02-07T10:50:25","guid":{"rendered":"https:\/\/radionewsmisiones.ar\/site\/?p=5890"},"modified":"2023-02-07T07:50:30","modified_gmt":"2023-02-07T10:50:30","slug":"los-municipios-de-eldorado-y-obera-se-sumaron-al-programa-ahora-taxi","status":"publish","type":"post","link":"https:\/\/radionewsmisiones.ar\/site\/provinciales\/los-municipios-de-eldorado-y-obera-se-sumaron-al-programa-ahora-taxi\/","title":{"rendered":"Los municipios de Eldorado y Ober\u00e1 se sumaron al Programa \u00abAhora Taxi\u00bb"},"content":{"rendered":"\n<p>D\u00edas atr\u00e1s, junto a los intendentes <a href=\"https:\/\/www.facebook.com\/fabiomartinezeldorado?__cft__[0]=AZULk9_eWMIYrcCmPboGjwGSqw-yCUhq61161kHpelfLZnYIX9pylnme77ffP8HTdiOPaBFNSaNhKoR-giTpeXzW8hAxyUEvrw7HXyIu849mF483cyxduRHgmukU9AomUSChCSuHdrNPCWTHioi6nRJWx5tyXvDT3dmCgCw_zYahu9yHiZ3E-CvIX4wrovVqJCY&amp;__tn__=-]K-R\">Fabio Martinez<\/a> (Eldorado) y <a href=\"https:\/\/www.facebook.com\/pabloahassan?__cft__[0]=AZULk9_eWMIYrcCmPboGjwGSqw-yCUhq61161kHpelfLZnYIX9pylnme77ffP8HTdiOPaBFNSaNhKoR-giTpeXzW8hAxyUEvrw7HXyIu849mF483cyxduRHgmukU9AomUSChCSuHdrNPCWTHioi6nRJWx5tyXvDT3dmCgCw_zYahu9yHiZ3E-CvIX4wrovVqJCY&amp;__tn__=-]K-R\">Pablo Hassan<\/a> (Ober\u00e1), suscribimos los convenios correspondientes para que los taxis y remises de ambos municipios puedan acceder a esta herramienta del <a href=\"https:\/\/www.facebook.com\/GobiernoDeMisiones?__cft__[0]=AZULk9_eWMIYrcCmPboGjwGSqw-yCUhq61161kHpelfLZnYIX9pylnme77ffP8HTdiOPaBFNSaNhKoR-giTpeXzW8hAxyUEvrw7HXyIu849mF483cyxduRHgmukU9AomUSChCSuHdrNPCWTHioi6nRJWx5tyXvDT3dmCgCw_zYahu9yHiZ3E-CvIX4wrovVqJCY&amp;__tn__=-]K-R\">Gobierno de Misiones<\/a> que tiene como objetivo acompa\u00f1ar al sector en la renovaci\u00f3n de unidades. En el caso de Eldorado, el programa Ahora Taxi alcanzar\u00e1 a hasta 155 unidades; en Ober\u00e1 estar\u00e1 <a><\/a>disponible para la renovaci\u00f3n de hasta 259 veh\u00edculos.<\/p>\n\n\n\n<figure class=\"wp-block-image size-large\"><img loading=\"lazy\" width=\"1024\" height=\"682\" src=\"https:\/\/radionewsmisiones.ar\/site\/wp-content\/uploads\/2023\/02\/image-2-1024x682.png\" alt=\"\" class=\"wp-image-5891\" srcset=\"https:\/\/radionewsmisiones.ar\/site\/wp-content\/uploads\/2023\/02\/image-2-1024x682.png 1024w, https:\/\/radionewsmisiones.ar\/site\/wp-content\/uploads\/2023\/02\/image-2-300x200.png 300w, https:\/\/radionewsmisiones.ar\/site\/wp-content\/uploads\/2023\/02\/image-2-768x512.png 768w, https:\/\/radionewsmisiones.ar\/site\/wp-content\/uploads\/2023\/02\/image-2.png 1286w\" sizes=\"(max-width: 1024px) 100vw, 1024px\" \/><\/figure>\n\n\n\n<p>El programa Ahora Taxi, que fue presentado por el gobernador <a href=\"https:\/\/www.facebook.com\/OscarHerreraAhuad?__cft__[0]=AZULk9_eWMIYrcCmPboGjwGSqw-yCUhq61161kHpelfLZnYIX9pylnme77ffP8HTdiOPaBFNSaNhKoR-giTpeXzW8hAxyUEvrw7HXyIu849mF483cyxduRHgmukU9AomUSChCSuHdrNPCWTHioi6nRJWx5tyXvDT3dmCgCw_zYahu9yHiZ3E-CvIX4wrovVqJCY&amp;__tn__=-]K-R\">Oscar Herrera Ahuad<\/a> en diciembre pasado, gracias a un acuerdo alcanzado con la Terminal Fabricante Fiat subsidia hasta el 50% del valor de un veh\u00edculo Fiat Cronos nuevo (incluyendo la pintura identificatoria) con el compromiso de la concesionaria de tomar el veh\u00edculo usado como parte de pago. Para saldar el importe resultante de la diferencia en el valor entre ambos autos, el due\u00f1o del taxi tiene la posibilidad de acceder a un cr\u00e9dito del Banco Macro en hasta 36 cuotas mensuales con una tasa subsidiada por la Provincia del 25% nominal anual para cancelar su deuda.<\/p>\n\n\n\n<p>Las condiciones del programa Ahora Taxi establecen que si la diferencia entre la unidad nueva y el usado es mayor al 50% se subsidiar\u00e1 \u00fanicamente el 50% de su valor. En caso contrario, si la diferencia entre ambos veh\u00edculos es menor al 50%, el programa subsidiar\u00e1 solamente esa diferencia. Los due\u00f1os de taxis que participen tambi\u00e9n cuentan con la opci\u00f3n de vender su veh\u00edculo usado de forma particular, previa tasaci\u00f3n, para establecer un valor de referencia por parte de la concesionaria. En este caso deber\u00e1 acreditar que efectivamente vendi\u00f3 el veh\u00edculo usado.<\/p>\n\n\n\n<figure class=\"wp-block-image size-full\"><img loading=\"lazy\" width=\"988\" height=\"658\" src=\"https:\/\/radionewsmisiones.ar\/site\/wp-content\/uploads\/2023\/02\/image-3.png\" alt=\"\" class=\"wp-image-5892\" srcset=\"https:\/\/radionewsmisiones.ar\/site\/wp-content\/uploads\/2023\/02\/image-3.png 988w, https:\/\/radionewsmisiones.ar\/site\/wp-content\/uploads\/2023\/02\/image-3-300x200.png 300w, https:\/\/radionewsmisiones.ar\/site\/wp-content\/uploads\/2023\/02\/image-3-768x511.png 768w\" sizes=\"(max-width: 988px) 100vw, 988px\" \/><\/figure>\n\n\n\n<p>Ahora Taxi est\u00e1 destinado \u00fanicamente a la renovaci\u00f3n de veh\u00edculos y no incluye la posibilidad de incorporar m\u00e1s unidades. Con respecto a la selecci\u00f3n de los beneficiarios del programa, depende de cada municipio adherido establecer los criterios y prioridades para determinar quienes ser\u00e1n los taxistas y remiseros que acceder\u00e1n a los beneficios del programa.<\/p>\n\n\n\n<p>Adem\u00e1s de Ober\u00e1 y Eldorado, actualmente el programa Ahora Taxi tambi\u00e9n se encuentra disponible en los municipios de Posadas, Puerto Iguaz\u00fa, Ap\u00f3stoles y Puerto Rico.<\/p>\n","protected":false},"excerpt":{"rendered":"<p>D&iacute;as atr&aacute;s, junto a los intendentes Fabio Martinez (Eldorado) y Pablo Hassan (Ober&aacute;), suscribimos los convenios correspondientes para que los taxis y remises de ambos municipios puedan acceder a esta&hellip; <\/p>\n","protected":false},"author":3,"featured_media":5508,"comment_status":"closed","ping_status":"open","sticky":false,"template":"","format":"standard","meta":{"_monsterinsights_skip_tracking":false,"_monsterinsights_sitenote_active":false,"_monsterinsights_sitenote_note":"","_monsterinsights_sitenote_category":0},"categories":[3],"tags":[],"aioseo_notices":[],"_links":{"self":[{"href":"https:\/\/radionewsmisiones.ar\/site\/wp-json\/wp\/v2\/posts\/5890"}],"collection":[{"href":"https:\/\/radionewsmisiones.ar\/site\/wp-json\/wp\/v2\/posts"}],"about":[{"href":"https:\/\/radionewsmisiones.ar\/site\/wp-json\/wp\/v2\/types\/post"}],"author":[{"embeddable":true,"href":"https:\/\/radionewsmisiones.ar\/site\/wp-json\/wp\/v2\/users\/3"}],"replies":[{"embeddable":true,"href":"https:\/\/radionewsmisiones.ar\/site\/wp-json\/wp\/v2\/comments?post=5890"}],"version-history":[{"count":1,"href":"https:\/\/radionewsmisiones.ar\/site\/wp-json\/wp\/v2\/posts\/5890\/revisions"}],"predecessor-version":[{"id":5893,"href":"https:\/\/radionewsmisiones.ar\/site\/wp-json\/wp\/v2\/posts\/5890\/revisions\/5893"}],"wp:featuredmedia":[{"embeddable":true,"href":"https:\/\/radionewsmisiones.ar\/site\/wp-json\/wp\/v2\/media\/5508"}],"wp:attachment":[{"href":"https:\/\/radionewsmisiones.ar\/site\/wp-json\/wp\/v2\/media?parent=5890"}],"wp:term":[{"taxonomy":"category","embeddable":true,"href":"https:\/\/radionewsmisiones.ar\/site\/wp-json\/wp\/v2\/categories?post=5890"},{"taxonomy":"post_tag","embeddable":true,"href":"https:\/\/radionewsmisiones.ar\/site\/wp-json\/wp\/v2\/tags?post=5890"}],"curies":[{"name":"wp","href":"https:\/\/api.w.org\/{rel}","templated":true}]}}