{"id":5928,"date":"2023-02-09T07:37:50","date_gmt":"2023-02-09T10:37:50","guid":{"rendered":"https:\/\/radionewsmisiones.ar\/site\/?p=5928"},"modified":"2023-02-09T07:37:55","modified_gmt":"2023-02-09T10:37:55","slug":"vuelve-el-evento-cervecero-mas-grande-la-region-se-aproxima-otra-edicion-del-una","status":"publish","type":"post","link":"https:\/\/radionewsmisiones.ar\/site\/provinciales\/vuelve-el-evento-cervecero-mas-grande-la-region-se-aproxima-otra-edicion-del-una\/","title":{"rendered":"Vuelve el evento cervecero m\u00e1s grande la regi\u00f3n, se aproxima otra edici\u00f3n del \u201cUNA +\u201d"},"content":{"rendered":"\n<p>Reencuentro con amigos, m\u00fasica y algo frio para acompa\u00f1ar, son la excusa perfecta para darse un momento de relax. El clima en la tierra colorada esta temporada de verano oficia como buen anfitri\u00f3n para realizar diversas actividades. En ese sentido, la ciudad ya empieza a prepararse para la segunda edici\u00f3n del \u00abUNA +\u00bb, un evento cervecero que supo posicionarse en la ciudad superando todas las expectativas previstas desde que fue lanzado. La nueva cita ser\u00e1 el 18 de febrero, desde las 18 hs en la explanada de La Cascada de la Costanera.<\/p>\n\n\n\n<figure class=\"wp-block-image size-large\"><img loading=\"lazy\" width=\"819\" height=\"1024\" src=\"https:\/\/radionewsmisiones.ar\/site\/wp-content\/uploads\/2023\/02\/WhatsApp-Image-2023-02-08-at-12.08.43-819x1024.jpeg\" alt=\"\" class=\"wp-image-5929\" srcset=\"https:\/\/radionewsmisiones.ar\/site\/wp-content\/uploads\/2023\/02\/WhatsApp-Image-2023-02-08-at-12.08.43-819x1024.jpeg 819w, https:\/\/radionewsmisiones.ar\/site\/wp-content\/uploads\/2023\/02\/WhatsApp-Image-2023-02-08-at-12.08.43-240x300.jpeg 240w, https:\/\/radionewsmisiones.ar\/site\/wp-content\/uploads\/2023\/02\/WhatsApp-Image-2023-02-08-at-12.08.43-768x960.jpeg 768w, https:\/\/radionewsmisiones.ar\/site\/wp-content\/uploads\/2023\/02\/WhatsApp-Image-2023-02-08-at-12.08.43.jpeg 1080w\" sizes=\"(max-width: 819px) 100vw, 819px\" \/><\/figure>\n\n\n\n<p>\u00abUNA +\u00bb trata del mayor festival de cerveza artesanal instaurado que se posicion\u00f3 en la regi\u00f3n. Este encuentro re\u00fane a productores de Iguaz\u00fa, Arist\u00f3bulo del Valle, Corpus, Ober\u00e1, Eldorado, Alem y Posadas. Habr\u00e1n m\u00e1s de 20 stands dispuestos para degustar entre 60 estilos diferentes de cerveza. Asimismo, fomentando la sustentabilidad y el compromiso con el medio ambiente, se ofrecer\u00e1n vasos reutilizables para reducir la cantidad de desechos pl\u00e1sticos.<\/p>\n\n\n\n<p>Adem\u00e1s de la bebida protagonista, tambi\u00e9n habr\u00e1 el despliegue de un sector gastron\u00f3mico con diversos platillos para saborear. En lo que dure la velada, la misma contar\u00e1 con djs, bandas y shows en vivo. Cabe remarcar que para los conductores designados que asistan al evento, se dispondr\u00e1n pulseras distintivas, donde participar\u00e1n por premios en recompensa a su responsabilidad social.<\/p>\n","protected":false},"excerpt":{"rendered":"<p>Reencuentro con amigos, m&uacute;sica y algo frio para acompa&ntilde;ar, son la excusa perfecta para darse un momento de relax. El clima en la tierra colorada esta temporada de verano oficia&hellip; <\/p>\n","protected":false},"author":3,"featured_media":5929,"comment_status":"closed","ping_status":"open","sticky":false,"template":"","format":"standard","meta":{"_monsterinsights_skip_tracking":false,"_monsterinsights_sitenote_active":false,"_monsterinsights_sitenote_note":"","_monsterinsights_sitenote_category":0},"categories":[3],"tags":[22],"aioseo_notices":[],"_links":{"self":[{"href":"https:\/\/radionewsmisiones.ar\/site\/wp-json\/wp\/v2\/posts\/5928"}],"collection":[{"href":"https:\/\/radionewsmisiones.ar\/site\/wp-json\/wp\/v2\/posts"}],"about":[{"href":"https:\/\/radionewsmisiones.ar\/site\/wp-json\/wp\/v2\/types\/post"}],"author":[{"embeddable":true,"href":"https:\/\/radionewsmisiones.ar\/site\/wp-json\/wp\/v2\/users\/3"}],"replies":[{"embeddable":true,"href":"https:\/\/radionewsmisiones.ar\/site\/wp-json\/wp\/v2\/comments?post=5928"}],"version-history":[{"count":1,"href":"https:\/\/radionewsmisiones.ar\/site\/wp-json\/wp\/v2\/posts\/5928\/revisions"}],"predecessor-version":[{"id":5930,"href":"https:\/\/radionewsmisiones.ar\/site\/wp-json\/wp\/v2\/posts\/5928\/revisions\/5930"}],"wp:featuredmedia":[{"embeddable":true,"href":"https:\/\/radionewsmisiones.ar\/site\/wp-json\/wp\/v2\/media\/5929"}],"wp:attachment":[{"href":"https:\/\/radionewsmisiones.ar\/site\/wp-json\/wp\/v2\/media?parent=5928"}],"wp:term":[{"taxonomy":"category","embeddable":true,"href":"https:\/\/radionewsmisiones.ar\/site\/wp-json\/wp\/v2\/categories?post=5928"},{"taxonomy":"post_tag","embeddable":true,"href":"https:\/\/radionewsmisiones.ar\/site\/wp-json\/wp\/v2\/tags?post=5928"}],"curies":[{"name":"wp","href":"https:\/\/api.w.org\/{rel}","templated":true}]}}