{"id":5964,"date":"2023-02-10T07:00:57","date_gmt":"2023-02-10T10:00:57","guid":{"rendered":"https:\/\/radionewsmisiones.ar\/site\/?p=5964"},"modified":"2023-02-10T07:01:00","modified_gmt":"2023-02-10T10:01:00","slug":"salud-publica-y-eldorado-fortalecen-acciones-contra-las-enfermedades-vectoriales","status":"publish","type":"post","link":"https:\/\/radionewsmisiones.ar\/site\/sin-categoria\/salud-publica-y-eldorado-fortalecen-acciones-contra-las-enfermedades-vectoriales\/","title":{"rendered":"Salud P\u00fablica y Eldorado fortalecen acciones contra las enfermedades vectoriales"},"content":{"rendered":"\n<p>El Ministro de Salud P\u00fablica de Misiones, Dr. Oscar Alarc\u00f3n visit\u00f3 hoy el cierre de las actividades que viene llevando adelante la cartera sanitaria con la Municipalidad de Eldorado en relaci\u00f3n a las enfermedades vectoriales en la mencionada ciudad. Hoy las actividades se desarrollaron en los barrios Belgrano y Sch\u00f6ller.<\/p>\n\n\n\n<figure class=\"wp-block-image size-full\"><img loading=\"lazy\" width=\"853\" height=\"383\" src=\"https:\/\/radionewsmisiones.ar\/site\/wp-content\/uploads\/2023\/02\/ELDORADO-11.jpg\" alt=\"\" class=\"wp-image-5965\" srcset=\"https:\/\/radionewsmisiones.ar\/site\/wp-content\/uploads\/2023\/02\/ELDORADO-11.jpg 853w, https:\/\/radionewsmisiones.ar\/site\/wp-content\/uploads\/2023\/02\/ELDORADO-11-300x135.jpg 300w, https:\/\/radionewsmisiones.ar\/site\/wp-content\/uploads\/2023\/02\/ELDORADO-11-768x345.jpg 768w\" sizes=\"(max-width: 853px) 100vw, 853px\" \/><\/figure>\n\n\n\n<p>Desde el lunes hasta hoy los equipos de saneamiento de Salud P\u00fablica y de la Municipalidad de Eldorado realizaron control focal, eliminaci\u00f3n de potenciales criaderos, descacharrado, educaci\u00f3n y sensibilizaciones comunitaria, en barrios seleccionados por cantidad de habitantes, \u00faltimos resultados del operativo LIRAa y registros de casos de los \u00faltimos 4 a\u00f1os.<\/p>\n\n\n\n<p>El titular de la cartera sanitaria al cierre de las actividades agradeci\u00f3 a los equipos que participaron de las acciones por la labor realizada en todos estos d\u00edas, \u201ccon un claro objetivo que es cuidar la salud de los vecinos de Eldorado en torno a las enfermedades vectoriales\u201d.<\/p>\n\n\n\n<p>Destac\u00f3 el trabajo mancomunado con el Municipio como as\u00ed tambi\u00e9n con el resto de los Municipios provinciales. \u201cLa situaci\u00f3n epidemiol\u00f3gica en la provincia es estable con respecto a las enfermedades vectoriales. El Estado en conjunto con los municipios realiz\u00f3 un trabajo que permite que hoy podamos estar tranquilos, haciendo vigilancia, monitoreo y control. Eso habla de una situaci\u00f3n controlada y de un gran trabajo en equipo\u201d, remarc\u00f3 Alarc\u00f3n.<\/p>\n\n\n\n<p>Acompa\u00f1aron al Ministro de Salud P\u00fablica hoy en su visita a Eldorado, el diputado Dr. Mart\u00edn Cesino, el Subsecretario de Atenci\u00f3n Primaria y Salud Ambiental, Dr. Danielo Rom\u00e1n Silva, el Director de Saneamiento de Salud P\u00fablica, Dr. Fabi\u00e1n Zelaya, el Director de Zona Norte Paran\u00e1, Dr. Jorge Frowein, el Jefe de \u00c1rea Program\u00e1tica XIV, Dr. Julio Galarza, el Director del Hospital Samic Eldorado, Dr. Rodrigo Dur\u00e1n, el Coordinador Asistencial del Samic Eldorado, Dr. Jos\u00e9 Luis Ferreyra,&nbsp;la Secretaria de Acci\u00f3n Social municipal, Norma Torres, el Director&nbsp;de Ambiente municipal,&nbsp;Luis Jara, el director de Vectores municipal, Carlos Paredes, agentes sanitarios y de saneamiento provinciales y municipales.&nbsp;<\/p>\n","protected":false},"excerpt":{"rendered":"<p>El Ministro de Salud P&uacute;blica de Misiones, Dr. Oscar Alarc&oacute;n visit&oacute; hoy el cierre de las actividades que viene llevando adelante la cartera sanitaria con la Municipalidad de Eldorado en&hellip; <\/p>\n","protected":false},"author":3,"featured_media":5966,"comment_status":"closed","ping_status":"open","sticky":false,"template":"","format":"standard","meta":{"_monsterinsights_skip_tracking":false,"_monsterinsights_sitenote_active":false,"_monsterinsights_sitenote_note":"","_monsterinsights_sitenote_category":0},"categories":[1],"tags":[136],"aioseo_notices":[],"_links":{"self":[{"href":"https:\/\/radionewsmisiones.ar\/site\/wp-json\/wp\/v2\/posts\/5964"}],"collection":[{"href":"https:\/\/radionewsmisiones.ar\/site\/wp-json\/wp\/v2\/posts"}],"about":[{"href":"https:\/\/radionewsmisiones.ar\/site\/wp-json\/wp\/v2\/types\/post"}],"author":[{"embeddable":true,"href":"https:\/\/radionewsmisiones.ar\/site\/wp-json\/wp\/v2\/users\/3"}],"replies":[{"embeddable":true,"href":"https:\/\/radionewsmisiones.ar\/site\/wp-json\/wp\/v2\/comments?post=5964"}],"version-history":[{"count":1,"href":"https:\/\/radionewsmisiones.ar\/site\/wp-json\/wp\/v2\/posts\/5964\/revisions"}],"predecessor-version":[{"id":5967,"href":"https:\/\/radionewsmisiones.ar\/site\/wp-json\/wp\/v2\/posts\/5964\/revisions\/5967"}],"wp:featuredmedia":[{"embeddable":true,"href":"https:\/\/radionewsmisiones.ar\/site\/wp-json\/wp\/v2\/media\/5966"}],"wp:attachment":[{"href":"https:\/\/radionewsmisiones.ar\/site\/wp-json\/wp\/v2\/media?parent=5964"}],"wp:term":[{"taxonomy":"category","embeddable":true,"href":"https:\/\/radionewsmisiones.ar\/site\/wp-json\/wp\/v2\/categories?post=5964"},{"taxonomy":"post_tag","embeddable":true,"href":"https:\/\/radionewsmisiones.ar\/site\/wp-json\/wp\/v2\/tags?post=5964"}],"curies":[{"name":"wp","href":"https:\/\/api.w.org\/{rel}","templated":true}]}}