{"id":686,"date":"2022-08-11T21:18:58","date_gmt":"2022-08-12T00:18:58","guid":{"rendered":"https:\/\/radionewsmisiones.ar\/site\/?p=686"},"modified":"2022-08-11T21:19:02","modified_gmt":"2022-08-12T00:19:02","slug":"herrera-ahud-participo-en-el-lanzamiento-de-la-nueva-edicion-de-jeep-fest-en-san-vicente","status":"publish","type":"post","link":"https:\/\/radionewsmisiones.ar\/site\/provinciales\/herrera-ahud-participo-en-el-lanzamiento-de-la-nueva-edicion-de-jeep-fest-en-san-vicente\/","title":{"rendered":"Herrera Ahud particip\u00f3 en el lanzamiento de la nueva edici\u00f3n de Jeep Fest en San Vicente"},"content":{"rendered":"\n<p><em>San Vicente inaugur\u00f3 la 15\u00b0 edici\u00f3n del Jeep Fest con exposiciones de Jeeps y shows en vivo. El Gobernador particip\u00f3 en la apertura del evento \u201coff road\u201d m\u00e1s importante del pa\u00eds y que cuenta con la participaci\u00f3n de unos 350 equipos de Argentina, Paraguay, Brasil.&nbsp;<\/em><\/p>\n\n\n\n<p><strong>SAN VICENTE.<\/strong>\u00a0Durante la noche, con una exposici\u00f3n de\u00a0jeeps y shows en vivo, se realiz\u00f3 la apertura de una nueva edici\u00f3n del Jeep Fest Argentina 4&#215;4, un evento que se desarrollar\u00e1 hasta el domingo 14.\u00a0En ese marco, el gobernador Oscar Herrera Ahuad recorri\u00f3 los stands y dialog\u00f3 con los pilotos que se convocaron a esta\u00a0fiesta,\u00a0que se inici\u00f3 como un simple\u00a0encuentro de\u00a0amigos apasionados por los Jeeps\u00a0y se convirti\u00f3 en el evento \u201coff road\u201d m\u00e1s importante del pa\u00eds y el segundo en toda Latinoam\u00e9rica.\u00a0<\/p>\n\n\n\n<figure class=\"wp-block-image size-large\"><img loading=\"lazy\" width=\"1024\" height=\"684\" src=\"https:\/\/radionewsmisiones.ar\/site\/wp-content\/uploads\/2022\/08\/Copia-de-2022-08-10-San-Vicente-Lanzamiento-Jeep-Fest-55-1024x684.jpg\" alt=\"\" class=\"wp-image-687\" srcset=\"https:\/\/radionewsmisiones.ar\/site\/wp-content\/uploads\/2022\/08\/Copia-de-2022-08-10-San-Vicente-Lanzamiento-Jeep-Fest-55-1024x684.jpg 1024w, https:\/\/radionewsmisiones.ar\/site\/wp-content\/uploads\/2022\/08\/Copia-de-2022-08-10-San-Vicente-Lanzamiento-Jeep-Fest-55-300x200.jpg 300w, https:\/\/radionewsmisiones.ar\/site\/wp-content\/uploads\/2022\/08\/Copia-de-2022-08-10-San-Vicente-Lanzamiento-Jeep-Fest-55-768x513.jpg 768w, https:\/\/radionewsmisiones.ar\/site\/wp-content\/uploads\/2022\/08\/Copia-de-2022-08-10-San-Vicente-Lanzamiento-Jeep-Fest-55-1536x1025.jpg 1536w, https:\/\/radionewsmisiones.ar\/site\/wp-content\/uploads\/2022\/08\/Copia-de-2022-08-10-San-Vicente-Lanzamiento-Jeep-Fest-55-2048x1367.jpg 2048w\" sizes=\"(max-width: 1024px) 100vw, 1024px\" \/><\/figure>\n\n\n\n<p>El mandatario resalt\u00f3 la fiesta como \u201cun evento de car\u00e1cter internacional, uno de los m\u00e1s importantes que se hace en esta parte de la Argentina. Sin duda el m\u00e1s importante para todos, con un evento cultural y sobre todo en lo que hace al movimiento tur\u00edstico, econ\u00f3mico, social y cultural en la localidad de San Vicente\u201d.&nbsp;&nbsp;<\/p>\n\n\n\n<p><a><\/a>En el evento, realizado&nbsp;en la plaza San Mart\u00edn de San Vicente, tambi\u00e9n estuvieron el intendente de San Vicente, Fabi\u00e1n Rodr\u00edguez; el ministro Coordinador de Gabinete, Ricardo Wellbach; el ministro de Cultura, Jos\u00e9 Mart\u00edn Schuap; el diputado provincial, Ceferino Rodr\u00edguez; el presidente de Automotokart, Ernesto Muchewicz, entre otros funcionarios locales y provinciales.&nbsp;&nbsp;<\/p>\n\n\n\n<p><strong>El Jeep Fest Argentina 4X4, una edici\u00f3n con cientos de participantes&nbsp;<\/strong><\/p>\n\n\n\n<p>La Capital Nacional de la Madera inaugur\u00f3 formalmente la edici\u00f3n n\u00famero 15 del Jeep Fest Argentina 4&#215;4, que este a\u00f1o tendr\u00e1 una grilla de cinco d\u00edas con una apertura compuesta por una exposici\u00f3n de Jeeps y shows en vivo. El evento cuenta con el apoyo del municipio y de la provincia, y en ese marco se disfrutar\u00e1 el show en vivo de Los Continuados. En cuanto a la muestra, estuvieron expuestos los equipos confirmados, en total unos 350 de Argentina, Paraguay, Brasil, que participar\u00e1n en las&nbsp;cuatro&nbsp;trillas. De ellos, 200 equipos son brasileros.&nbsp;<\/p>\n\n\n\n<p>El evento se desarrollar\u00e1 hasta el 14 de agosto y contar\u00e1 una pe\u00f1a folkl\u00f3rica, noche de la juventud, show art\u00edstico, propuestas culturales, seminarios referentes a la seguridad vial y exposiciones de artesanos. Las actividades se desarrollar\u00e1n en el predio del Automotokart. Adem\u00e1s, teniendo en cuenta que agosto es el mes de las&nbsp;infancias,&nbsp;habr\u00e1 actividades para los m\u00e1s chicos.&nbsp;&nbsp;<\/p>\n\n\n\n<p>Vale destacar que, a ra\u00edz de este&nbsp;evento,&nbsp;la capacidad de alojamiento de San Vicente y zonas de influencia est\u00e1 completa. Un hecho destacable sobre todo por su origen, ya que se inici\u00f3 como un simple&nbsp;encuentro de&nbsp;amigos apasionados por los Jeeps&nbsp;y se convirti\u00f3 en el evento \u201coff road\u201d m\u00e1s importante del pa\u00eds y el segundo en toda Latinoam\u00e9rica. Y en un plano mayor, este nuevo evento, m\u00e1s la llegada del TC Mouras al aut\u00f3dromo de&nbsp;Posadas,&nbsp;demuestran que Misiones se consolida como destino de eventos deportivos con una importante infraestructura para ofrecer.&nbsp;&nbsp;&nbsp;<\/p>\n\n\n\n<p><strong>\u00a0<\/strong><\/p>\n","protected":false},"excerpt":{"rendered":"<p>San Vicente inaugur&oacute; la 15&deg; edici&oacute;n del Jeep Fest con exposiciones de Jeeps y shows en vivo. El Gobernador particip&oacute; en la apertura del evento &ldquo;off road&rdquo; m&aacute;s importante del&hellip; <\/p>\n","protected":false},"author":3,"featured_media":688,"comment_status":"closed","ping_status":"open","sticky":false,"template":"","format":"standard","meta":{"_monsterinsights_skip_tracking":false,"_monsterinsights_sitenote_active":false,"_monsterinsights_sitenote_note":"","_monsterinsights_sitenote_category":0},"categories":[3],"tags":[],"aioseo_notices":[],"_links":{"self":[{"href":"https:\/\/radionewsmisiones.ar\/site\/wp-json\/wp\/v2\/posts\/686"}],"collection":[{"href":"https:\/\/radionewsmisiones.ar\/site\/wp-json\/wp\/v2\/posts"}],"about":[{"href":"https:\/\/radionewsmisiones.ar\/site\/wp-json\/wp\/v2\/types\/post"}],"author":[{"embeddable":true,"href":"https:\/\/radionewsmisiones.ar\/site\/wp-json\/wp\/v2\/users\/3"}],"replies":[{"embeddable":true,"href":"https:\/\/radionewsmisiones.ar\/site\/wp-json\/wp\/v2\/comments?post=686"}],"version-history":[{"count":1,"href":"https:\/\/radionewsmisiones.ar\/site\/wp-json\/wp\/v2\/posts\/686\/revisions"}],"predecessor-version":[{"id":689,"href":"https:\/\/radionewsmisiones.ar\/site\/wp-json\/wp\/v2\/posts\/686\/revisions\/689"}],"wp:featuredmedia":[{"embeddable":true,"href":"https:\/\/radionewsmisiones.ar\/site\/wp-json\/wp\/v2\/media\/688"}],"wp:attachment":[{"href":"https:\/\/radionewsmisiones.ar\/site\/wp-json\/wp\/v2\/media?parent=686"}],"wp:term":[{"taxonomy":"category","embeddable":true,"href":"https:\/\/radionewsmisiones.ar\/site\/wp-json\/wp\/v2\/categories?post=686"},{"taxonomy":"post_tag","embeddable":true,"href":"https:\/\/radionewsmisiones.ar\/site\/wp-json\/wp\/v2\/tags?post=686"}],"curies":[{"name":"wp","href":"https:\/\/api.w.org\/{rel}","templated":true}]}}