{"id":6921,"date":"2023-03-20T08:14:26","date_gmt":"2023-03-20T11:14:26","guid":{"rendered":"https:\/\/radionewsmisiones.ar\/site\/?p=6921"},"modified":"2023-03-20T08:14:31","modified_gmt":"2023-03-20T11:14:31","slug":"mesa-de-dialogo-multisectorial-para-crear-empleo-de-calidad-en-el-sector-turistico-de-puerto-iguazu","status":"publish","type":"post","link":"https:\/\/radionewsmisiones.ar\/site\/provinciales\/mesa-de-dialogo-multisectorial-para-crear-empleo-de-calidad-en-el-sector-turistico-de-puerto-iguazu\/","title":{"rendered":"Mesa de di\u00e1logo multisectorial para crear empleo de calidad en el sector tur\u00edstico de Puerto Iguaz\u00fa"},"content":{"rendered":"\n<p>En el SUM del Ministerio de Trabajo y Empleo, se realiz\u00f3 una reuni\u00f3n con los equipos de las carteras de Trabajo, Turismo, funcionarios de la Organizaci\u00f3n Internacional del Trabajo, representantes de entidades tur\u00edsticas y hoteleras, con el objetivo de articular acciones entre el \u00e1mbito p\u00fablico y privado.<\/p>\n\n\n\n<figure class=\"wp-block-image size-full\"><img loading=\"lazy\" width=\"1024\" height=\"768\" src=\"https:\/\/radionewsmisiones.ar\/site\/wp-content\/uploads\/2023\/03\/WhatsApp-Image-2023-03-17-at-08.25.42-1.jpeg\" alt=\"\" class=\"wp-image-6922\" srcset=\"https:\/\/radionewsmisiones.ar\/site\/wp-content\/uploads\/2023\/03\/WhatsApp-Image-2023-03-17-at-08.25.42-1.jpeg 1024w, https:\/\/radionewsmisiones.ar\/site\/wp-content\/uploads\/2023\/03\/WhatsApp-Image-2023-03-17-at-08.25.42-1-300x225.jpeg 300w, https:\/\/radionewsmisiones.ar\/site\/wp-content\/uploads\/2023\/03\/WhatsApp-Image-2023-03-17-at-08.25.42-1-768x576.jpeg 768w\" sizes=\"(max-width: 1024px) 100vw, 1024px\" \/><\/figure>\n\n\n\n<p>Durante el encuentro, se estableci\u00f3 una mesa de di\u00e1logo donde se intercambiaron ideas y propuestas para fortalecer y potenciar las capacidades de los emprendimientos tur\u00edsticos de la ciudad de Puerto Iguaz\u00fa, a partir de las necesidades y desaf\u00edos que se presentan en un escenario de post pandemia.<\/p>\n\n\n\n<p>Entre los puntos que se expusieron en la reuni\u00f3n, se destaca el aumento capacitaciones para el sector, con el fin de generar mano de obra calificada, la diversificaci\u00f3n de actividades que surgen desde el rubro tur\u00edstico, y la problem\u00e1tica ambiental en una zona conocida por su biodiversidad y sustentabilidad.<\/p>\n\n\n\n<p>Participaron del encuentro la ministra de Trabajo y Empleo, Silvana Gim\u00e9nez; el ministro de Turismo, Jos\u00e9 Mar\u00eda Arr\u00faa; la diputada provincial, Karen Fiege; Natalia Cornazzani, directora de Certificaciones Ecotur\u00edsticas; Antonella Pernigotti, coordinadora de COPRETI Misiones.<\/p>\n\n\n\n<p>De forma virtual participaron Eugenia Sconfienza Funcionaria Principal Programaci\u00f3n OIT; Patricia Dur\u00e1n Vaca, presidenta de AHT Filial Iguaz\u00fa, presidenta de Iguaz\u00fa Convention Bureau, Federaci\u00f3n misionera de Turismo y de AOCA, a nivel nacional; Malvina Sol\u00eds, directora de Desarrollo Tur\u00edstico Estrat\u00e9gico del Ministerio de Turismo de Misiones, Delegaci\u00f3n Iguaz\u00fa; Lorena Yanez, del Iguaz\u00fa Convention Bureau y AHT Iguaz\u00fa; Alejandro Pastore, Integrante del Departamento de Pol\u00edticas Laborales por la regi\u00f3n Nea Litoral; Leandro Lapiduz, miembro del departamento de Pol\u00edtica laboral y social (FEHGRA) y coordinador de toda la regi\u00f3n NEA OARA FEHGRA; Andrea Maetow, Directora de Marketing y Ventas de Grand Hotels Lux; Mar\u00eda Alejandra G\u00f3mez, miembro de Asociaci\u00f3n Hotelera Gastron\u00f3mica y Afines de Iguaz\u00fa.<\/p>\n\n\n\n<p>Durante su intervenci\u00f3n, la ministra Gim\u00e9nez puso en valor esta instancia de trabajo conjunto entre Estado Provincial, organizaciones internacionales y el sector privado: \u201cEs un orgullo poder traer a nuestra provincia estos programas articulados con la OIT, surgidos desde el di\u00e1logo con empresarios y empresarias del rubro\u201d.<\/p>\n\n\n\n<p>A su vez, el ministro Arr\u00faa hizo hincapi\u00e9 en la importancia del rubro tur\u00edstico en nuestra provincia: \u201cM\u00e1s de 25.000 familias viven del turismo en Misiones, de las cuales 15.000 son de Puerto Iguaz\u00fa\u201d.<\/p>\n\n\n\n<p>Por su parte, la diputada Karen Fiege hizo \u00e9nfasis en la riqueza que ofrece biodiversidad de nuestra provincia y la demanda de formaci\u00f3n para el sector: \u201cTenemos el paraguas de la selva misionera, con productos como el astroturismo y turismo ind\u00edgena. Hay muchas comunidades que est\u00e1n avanzando con esta actividad, pero debemos capacitarlos para poder crecer\u201d.<\/p>\n\n\n\n<p>En esta l\u00ednea, Patricia Duran Vaca resalt\u00f3 el compromiso del \u00e1mbito tur\u00edstico con el medio ambiente: \u201cHace muchos a\u00f1os empezamos en el camino de sustentabilidad, creando productos que cumplan con esta consigna al momento que los turistas llegan a nuestra tierra\u201d.<\/p>\n\n\n\n<p>Por otro lado, Malvina Sol\u00eds destac\u00f3: \u201cExiste una necesidad de generar centros de cuidado para los hijos de trabajadores del sector, adem\u00e1s de una diversificaci\u00f3n que requiere el turismo\u201d.<\/p>\n","protected":false},"excerpt":{"rendered":"<p>En el SUM del Ministerio de Trabajo y Empleo, se realiz&oacute; una reuni&oacute;n con los equipos de las carteras de Trabajo, Turismo, funcionarios de la Organizaci&oacute;n Internacional del Trabajo, representantes&hellip; <\/p>\n","protected":false},"author":3,"featured_media":6922,"comment_status":"closed","ping_status":"open","sticky":false,"template":"","format":"standard","meta":{"_monsterinsights_skip_tracking":false,"_monsterinsights_sitenote_active":false,"_monsterinsights_sitenote_note":"","_monsterinsights_sitenote_category":0},"categories":[3],"tags":[],"aioseo_notices":[],"_links":{"self":[{"href":"https:\/\/radionewsmisiones.ar\/site\/wp-json\/wp\/v2\/posts\/6921"}],"collection":[{"href":"https:\/\/radionewsmisiones.ar\/site\/wp-json\/wp\/v2\/posts"}],"about":[{"href":"https:\/\/radionewsmisiones.ar\/site\/wp-json\/wp\/v2\/types\/post"}],"author":[{"embeddable":true,"href":"https:\/\/radionewsmisiones.ar\/site\/wp-json\/wp\/v2\/users\/3"}],"replies":[{"embeddable":true,"href":"https:\/\/radionewsmisiones.ar\/site\/wp-json\/wp\/v2\/comments?post=6921"}],"version-history":[{"count":1,"href":"https:\/\/radionewsmisiones.ar\/site\/wp-json\/wp\/v2\/posts\/6921\/revisions"}],"predecessor-version":[{"id":6923,"href":"https:\/\/radionewsmisiones.ar\/site\/wp-json\/wp\/v2\/posts\/6921\/revisions\/6923"}],"wp:featuredmedia":[{"embeddable":true,"href":"https:\/\/radionewsmisiones.ar\/site\/wp-json\/wp\/v2\/media\/6922"}],"wp:attachment":[{"href":"https:\/\/radionewsmisiones.ar\/site\/wp-json\/wp\/v2\/media?parent=6921"}],"wp:term":[{"taxonomy":"category","embeddable":true,"href":"https:\/\/radionewsmisiones.ar\/site\/wp-json\/wp\/v2\/categories?post=6921"},{"taxonomy":"post_tag","embeddable":true,"href":"https:\/\/radionewsmisiones.ar\/site\/wp-json\/wp\/v2\/tags?post=6921"}],"curies":[{"name":"wp","href":"https:\/\/api.w.org\/{rel}","templated":true}]}}