{"id":6924,"date":"2023-03-20T08:26:23","date_gmt":"2023-03-20T11:26:23","guid":{"rendered":"https:\/\/radionewsmisiones.ar\/site\/?p=6924"},"modified":"2023-03-20T08:26:28","modified_gmt":"2023-03-20T11:26:28","slug":"advierten-que-la-influenza-aviar-es-una-enfermedad-que-llego-para-quedarse","status":"publish","type":"post","link":"https:\/\/radionewsmisiones.ar\/site\/nacionales\/advierten-que-la-influenza-aviar-es-una-enfermedad-que-llego-para-quedarse\/","title":{"rendered":"Advierten que la influenza aviar es una enfermedad que \u00ablleg\u00f3 para quedarse\u00bb"},"content":{"rendered":"\n<p>El Servicio Nacional de Sanidad y Calidad Agroalimentaria (Senasa) detect\u00f3 la \u00faltima semana 13 nuevos casos positivos de influenza aviar en la Argentina, por lo que suman 59 en total hasta el momento, y si bien desde el organismo explican que la enfermedad \u00abse mueve de acuerdo a lo esperado\u00bb, advierten que la misma \u00ablleg\u00f3 para quedarse\u00bb. <\/p>\n\n\n\n<figure class=\"wp-block-image size-large\"><img loading=\"lazy\" width=\"1024\" height=\"512\" src=\"https:\/\/radionewsmisiones.ar\/site\/wp-content\/uploads\/2023\/03\/CERTIFIED-HUMANE_Post-blog-1024x512.png\" alt=\"\" class=\"wp-image-6925\" srcset=\"https:\/\/radionewsmisiones.ar\/site\/wp-content\/uploads\/2023\/03\/CERTIFIED-HUMANE_Post-blog-1024x512.png 1024w, https:\/\/radionewsmisiones.ar\/site\/wp-content\/uploads\/2023\/03\/CERTIFIED-HUMANE_Post-blog-300x150.png 300w, https:\/\/radionewsmisiones.ar\/site\/wp-content\/uploads\/2023\/03\/CERTIFIED-HUMANE_Post-blog-768x384.png 768w, https:\/\/radionewsmisiones.ar\/site\/wp-content\/uploads\/2023\/03\/CERTIFIED-HUMANE_Post-blog.png 1200w\" sizes=\"(max-width: 1024px) 100vw, 1024px\" \/><\/figure>\n\n\n\n<p>\u00abLas aves ya trajeron la enfermedad, la pasaron a aves migratorias de nuestra regi\u00f3n y estas \u00faltimas est\u00e1n haciendo la circulaci\u00f3n dentro de nuestro territorio, con lo cual lleg\u00f3 para quedarse, y lo que tenemos que hacer ahora es involucrar absolutamente a todos los actores, incluyendo a la comunidad en general\u00bb, dijo la directora nacional de Sanidad Animal del Senasa, Ximena Mel\u00f3n, en di\u00e1logo con T\u00e9lam. <\/p>\n\n\n\n<p>Desde el organismo precisaron que a poco m\u00e1s de que se cumpliera un mes del primer caso confirmado en el pa\u00eds, ya son 700.000 las aves muertas en los seis focos detectados al momento en el sector comercial, un 30% por la propia enfermedad y el 70% restante en el marco de las acciones sanitarias para evitar la dispersi\u00f3n. La influenza aviar \u00abse mueve de acuerdo a los esperado, vuela con aves migratorias, y por eso fuimos ejecutando todas las medidas de preparaci\u00f3n y de alerta sobre la base de presentaci\u00f3n y de avance r\u00e1pido tal como ocurri\u00f3\u00bb, explic\u00f3 Mel\u00f3n. <\/p>\n\n\n\n<p>De esta manera, ya son 59 en total los casos de influenza aviar hasta el momento en todo el pa\u00eds tanto en aves de corral (49) y de granja comercial (6) como silvestres (4).<\/p>\n\n\n\n<p><a href=\"https:\/\/www.telam.com.ar\/notas\/202303\/622944-influenza-aviar-enfermedad.html\">Fuente<\/a><\/p>\n","protected":false},"excerpt":{"rendered":"<p>El Servicio Nacional de Sanidad y Calidad Agroalimentaria (Senasa) detect&oacute; la &uacute;ltima semana 13 nuevos casos positivos de influenza aviar en la Argentina, por lo que suman 59 en total&hellip; <\/p>\n","protected":false},"author":3,"featured_media":6925,"comment_status":"closed","ping_status":"open","sticky":false,"template":"","format":"standard","meta":{"_monsterinsights_skip_tracking":false,"_monsterinsights_sitenote_active":false,"_monsterinsights_sitenote_note":"","_monsterinsights_sitenote_category":0},"categories":[4],"tags":[19],"aioseo_notices":[],"_links":{"self":[{"href":"https:\/\/radionewsmisiones.ar\/site\/wp-json\/wp\/v2\/posts\/6924"}],"collection":[{"href":"https:\/\/radionewsmisiones.ar\/site\/wp-json\/wp\/v2\/posts"}],"about":[{"href":"https:\/\/radionewsmisiones.ar\/site\/wp-json\/wp\/v2\/types\/post"}],"author":[{"embeddable":true,"href":"https:\/\/radionewsmisiones.ar\/site\/wp-json\/wp\/v2\/users\/3"}],"replies":[{"embeddable":true,"href":"https:\/\/radionewsmisiones.ar\/site\/wp-json\/wp\/v2\/comments?post=6924"}],"version-history":[{"count":1,"href":"https:\/\/radionewsmisiones.ar\/site\/wp-json\/wp\/v2\/posts\/6924\/revisions"}],"predecessor-version":[{"id":6926,"href":"https:\/\/radionewsmisiones.ar\/site\/wp-json\/wp\/v2\/posts\/6924\/revisions\/6926"}],"wp:featuredmedia":[{"embeddable":true,"href":"https:\/\/radionewsmisiones.ar\/site\/wp-json\/wp\/v2\/media\/6925"}],"wp:attachment":[{"href":"https:\/\/radionewsmisiones.ar\/site\/wp-json\/wp\/v2\/media?parent=6924"}],"wp:term":[{"taxonomy":"category","embeddable":true,"href":"https:\/\/radionewsmisiones.ar\/site\/wp-json\/wp\/v2\/categories?post=6924"},{"taxonomy":"post_tag","embeddable":true,"href":"https:\/\/radionewsmisiones.ar\/site\/wp-json\/wp\/v2\/tags?post=6924"}],"curies":[{"name":"wp","href":"https:\/\/api.w.org\/{rel}","templated":true}]}}