{"id":693,"date":"2022-08-11T21:24:25","date_gmt":"2022-08-12T00:24:25","guid":{"rendered":"https:\/\/radionewsmisiones.ar\/site\/?p=693"},"modified":"2022-08-11T21:25:09","modified_gmt":"2022-08-12T00:25:09","slug":"posadas-se-prepara-para-su-instancia-departamental-de-cara-a-los-juegos-culturales-evita","status":"publish","type":"post","link":"https:\/\/radionewsmisiones.ar\/site\/provinciales\/posadas-se-prepara-para-su-instancia-departamental-de-cara-a-los-juegos-culturales-evita\/","title":{"rendered":"Posadas se prepara para su instancia departamental de cara a los Juegos Culturales Evita"},"content":{"rendered":"\n<p>La Municipalidad de Posadas trabajar\u00e1 ofreciendo talleres de formaci\u00f3n y acompa\u00f1amiento hacia aquellas personas que deseen participar de la instancia departamental de los Juegos Culturales Evita 2022.<\/p>\n\n\n\n<figure class=\"wp-block-image size-large\"><img loading=\"lazy\" width=\"1024\" height=\"1024\" src=\"https:\/\/radionewsmisiones.ar\/site\/wp-content\/uploads\/2022\/08\/WhatsApp-Image-2022-08-11-at-10.12.51-1024x1024.jpeg\" alt=\"\" class=\"wp-image-694\" srcset=\"https:\/\/radionewsmisiones.ar\/site\/wp-content\/uploads\/2022\/08\/WhatsApp-Image-2022-08-11-at-10.12.51-1024x1024.jpeg 1024w, https:\/\/radionewsmisiones.ar\/site\/wp-content\/uploads\/2022\/08\/WhatsApp-Image-2022-08-11-at-10.12.51-300x300.jpeg 300w, https:\/\/radionewsmisiones.ar\/site\/wp-content\/uploads\/2022\/08\/WhatsApp-Image-2022-08-11-at-10.12.51-150x150.jpeg 150w, https:\/\/radionewsmisiones.ar\/site\/wp-content\/uploads\/2022\/08\/WhatsApp-Image-2022-08-11-at-10.12.51-768x768.jpeg 768w, https:\/\/radionewsmisiones.ar\/site\/wp-content\/uploads\/2022\/08\/WhatsApp-Image-2022-08-11-at-10.12.51.jpeg 1080w\" sizes=\"(max-width: 1024px) 100vw, 1024px\" \/><\/figure>\n\n\n\n<p>La final departamental se desarrollar\u00e1 el lunes 12 de septiembre. All\u00ed, los seleccionados pasan a la instancia provincial, donde se definen quienes representar\u00e1n a Misiones en la instancia nacional que se realizar\u00e1 en Mar del Plata.<\/p>\n\n\n\n<p>Las inscripciones est\u00e1n abiertas hasta el 05 de septiembre. Los interesados en obtener m\u00e1s informaci\u00f3n pueden hacerlo a trav\u00e9s de la Direcci\u00f3n General de Cultura, por los tel\u00e9fonos 4427922 \/ 3764-361897 o mediante correo a posadasculturalesevita@gmail.com.<\/p>\n\n\n\n<p>Las categor\u00edas v\u00e1lidas para participar corresponden a las Sub 15, Sub 18, adultas y adultos mayores de 60 y personas con discapacidad de 12 a 18 a\u00f1os. Se pueden inscribir aquellos que se desempe\u00f1an en las siguientes disciplinas:<\/p>\n\n\n\n<p>Danzas (Parejas \u2013 Danza Libre)<br>Canto (Canto solista \u2013 Conjunto Musical hasta 4 integrantes)<br>Free Style<br>Teatro (Grupos hasta 3 integrantes y Unipersonal)<br>Videominuto<br>Cuento\/Poes\u00eda<br>Pintura\/Dibujo<br>Fotograf\u00eda \u2013 (PCD)<br>Historieta<\/p>\n\n\n\n<p>Los Juegos Culturales Evita en esta edici\u00f3n, atraviesan a todas las disciplinas bajo el lema \u201cConstruyendo Diversidad Cultural\u201d. En este sentido, ser\u00e1n ponderadas aquellas obras que mejor est\u00e9n asociadas a esta idea como concepto general. El lema se encuentra vinculado a la esencia del programa, donde se prioriza la participaci\u00f3n plural, la construcci\u00f3n colectiva de sentido y la promoci\u00f3n de los derechos e identidades culturales diversas.<\/p>\n\n\n\n<p>La esencia del programa no es la competencia. Se procura que los y las participantes de todo el pa\u00eds, se encuentren, se conozcan, e intercambien experiencias, que los enriquezcan y los formen como sujetos. En esa l\u00ednea, la inclusi\u00f3n social es un principio rector del programa.<\/p>\n","protected":false},"excerpt":{"rendered":"<p>La Municipalidad de Posadas trabajar&aacute; ofreciendo talleres de formaci&oacute;n y acompa&ntilde;amiento hacia aquellas personas que deseen participar de la instancia departamental de los Juegos Culturales Evita 2022. La final departamental&hellip; <\/p>\n","protected":false},"author":3,"featured_media":694,"comment_status":"closed","ping_status":"open","sticky":false,"template":"","format":"standard","meta":{"_monsterinsights_skip_tracking":false,"_monsterinsights_sitenote_active":false,"_monsterinsights_sitenote_note":"","_monsterinsights_sitenote_category":0},"categories":[3],"tags":[22],"aioseo_notices":[],"_links":{"self":[{"href":"https:\/\/radionewsmisiones.ar\/site\/wp-json\/wp\/v2\/posts\/693"}],"collection":[{"href":"https:\/\/radionewsmisiones.ar\/site\/wp-json\/wp\/v2\/posts"}],"about":[{"href":"https:\/\/radionewsmisiones.ar\/site\/wp-json\/wp\/v2\/types\/post"}],"author":[{"embeddable":true,"href":"https:\/\/radionewsmisiones.ar\/site\/wp-json\/wp\/v2\/users\/3"}],"replies":[{"embeddable":true,"href":"https:\/\/radionewsmisiones.ar\/site\/wp-json\/wp\/v2\/comments?post=693"}],"version-history":[{"count":1,"href":"https:\/\/radionewsmisiones.ar\/site\/wp-json\/wp\/v2\/posts\/693\/revisions"}],"predecessor-version":[{"id":695,"href":"https:\/\/radionewsmisiones.ar\/site\/wp-json\/wp\/v2\/posts\/693\/revisions\/695"}],"wp:featuredmedia":[{"embeddable":true,"href":"https:\/\/radionewsmisiones.ar\/site\/wp-json\/wp\/v2\/media\/694"}],"wp:attachment":[{"href":"https:\/\/radionewsmisiones.ar\/site\/wp-json\/wp\/v2\/media?parent=693"}],"wp:term":[{"taxonomy":"category","embeddable":true,"href":"https:\/\/radionewsmisiones.ar\/site\/wp-json\/wp\/v2\/categories?post=693"},{"taxonomy":"post_tag","embeddable":true,"href":"https:\/\/radionewsmisiones.ar\/site\/wp-json\/wp\/v2\/tags?post=693"}],"curies":[{"name":"wp","href":"https:\/\/api.w.org\/{rel}","templated":true}]}}