{"id":6931,"date":"2023-03-20T08:41:20","date_gmt":"2023-03-20T11:41:20","guid":{"rendered":"https:\/\/radionewsmisiones.ar\/site\/?p=6931"},"modified":"2023-03-20T08:41:24","modified_gmt":"2023-03-20T11:41:24","slug":"exitosa-edicion-del-ahora-gas-en-a3-2","status":"publish","type":"post","link":"https:\/\/radionewsmisiones.ar\/site\/provinciales\/exitosa-edicion-del-ahora-gas-en-a3-2\/","title":{"rendered":"Exitosa edici\u00f3n del Ahora Gas en A3-2"},"content":{"rendered":"\n<p>El programa itinerante que visita Posadas una vez al mes eligi\u00f3 como destino al populoso barrio A3-2. All\u00ed, con m\u00e1s de 300 garrafas vendidas, los vecinos de esta jurisdicci\u00f3n y sus alrededores pudieron disfrutar este beneficio en la cercan\u00eda de sus hogares<\/p>\n\n\n\n<figure class=\"wp-block-image size-large\"><img loading=\"lazy\" width=\"1024\" height=\"682\" src=\"https:\/\/radionewsmisiones.ar\/site\/wp-content\/uploads\/2023\/03\/WhatsApp-Image-2023-03-19-at-10.03.53-1024x682.jpeg\" alt=\"\" class=\"wp-image-6933\" srcset=\"https:\/\/radionewsmisiones.ar\/site\/wp-content\/uploads\/2023\/03\/WhatsApp-Image-2023-03-19-at-10.03.53-1024x682.jpeg 1024w, https:\/\/radionewsmisiones.ar\/site\/wp-content\/uploads\/2023\/03\/WhatsApp-Image-2023-03-19-at-10.03.53-300x200.jpeg 300w, https:\/\/radionewsmisiones.ar\/site\/wp-content\/uploads\/2023\/03\/WhatsApp-Image-2023-03-19-at-10.03.53-768x512.jpeg 768w, https:\/\/radionewsmisiones.ar\/site\/wp-content\/uploads\/2023\/03\/WhatsApp-Image-2023-03-19-at-10.03.53.jpeg 1280w\" sizes=\"(max-width: 1024px) 100vw, 1024px\" \/><\/figure>\n\n\n\n<p>Se trata de un trabajo mancomunado entre el Gobierno de Misiones y el Municipio, donde se busca garantizar el acceso a la garrafa de 10 kilos a $1060, un precio muy diferencial respecto del valor de mercado que ronda los $2800.<\/p>\n\n\n\n<p>\u201cEl principal objetivo desde la Unidad y desde el Municipio es poder descentralizar los diferentes servicios que se le ofrecen a los vecinos, en este caso es un programa que apunta a una mayor accesibilidad a un recurso indispensable como lo es el gas, para llevar adelante el d\u00eda a d\u00eda\u201d, manifest\u00f3 la titular de la Unidad de Coordinaci\u00f3n y Control de Gesti\u00f3n, Yolanda Asunci\u00f3n.<\/p>\n\n\n\n<p>El acompa\u00f1amiento y la asistencia a los barrios de la ciudad est\u00e1 a cargo de la Direcci\u00f3n General de Asistencia Social, dependiente de la Unidad de Coordinaci\u00f3n y Control de Gesti\u00f3n de la Municipalidad, en conjunto con la labor de los Presidentes Barriales y los Delegados Municipales, quienes se encargan de fijar y poner en condiciones los espacios en donde tendr\u00e1n lugar los operativos.<\/p>\n","protected":false},"excerpt":{"rendered":"<p>El programa itinerante que visita Posadas una vez al mes eligi&oacute; como destino al populoso barrio A3-2. All&iacute;, con m&aacute;s de 300 garrafas vendidas, los vecinos de esta jurisdicci&oacute;n y&hellip; <\/p>\n","protected":false},"author":3,"featured_media":6933,"comment_status":"closed","ping_status":"open","sticky":false,"template":"","format":"standard","meta":{"_monsterinsights_skip_tracking":false,"_monsterinsights_sitenote_active":false,"_monsterinsights_sitenote_note":"","_monsterinsights_sitenote_category":0},"categories":[3],"tags":[22],"aioseo_notices":[],"_links":{"self":[{"href":"https:\/\/radionewsmisiones.ar\/site\/wp-json\/wp\/v2\/posts\/6931"}],"collection":[{"href":"https:\/\/radionewsmisiones.ar\/site\/wp-json\/wp\/v2\/posts"}],"about":[{"href":"https:\/\/radionewsmisiones.ar\/site\/wp-json\/wp\/v2\/types\/post"}],"author":[{"embeddable":true,"href":"https:\/\/radionewsmisiones.ar\/site\/wp-json\/wp\/v2\/users\/3"}],"replies":[{"embeddable":true,"href":"https:\/\/radionewsmisiones.ar\/site\/wp-json\/wp\/v2\/comments?post=6931"}],"version-history":[{"count":1,"href":"https:\/\/radionewsmisiones.ar\/site\/wp-json\/wp\/v2\/posts\/6931\/revisions"}],"predecessor-version":[{"id":6934,"href":"https:\/\/radionewsmisiones.ar\/site\/wp-json\/wp\/v2\/posts\/6931\/revisions\/6934"}],"wp:featuredmedia":[{"embeddable":true,"href":"https:\/\/radionewsmisiones.ar\/site\/wp-json\/wp\/v2\/media\/6933"}],"wp:attachment":[{"href":"https:\/\/radionewsmisiones.ar\/site\/wp-json\/wp\/v2\/media?parent=6931"}],"wp:term":[{"taxonomy":"category","embeddable":true,"href":"https:\/\/radionewsmisiones.ar\/site\/wp-json\/wp\/v2\/categories?post=6931"},{"taxonomy":"post_tag","embeddable":true,"href":"https:\/\/radionewsmisiones.ar\/site\/wp-json\/wp\/v2\/tags?post=6931"}],"curies":[{"name":"wp","href":"https:\/\/api.w.org\/{rel}","templated":true}]}}