{"id":703,"date":"2022-08-11T21:32:28","date_gmt":"2022-08-12T00:32:28","guid":{"rendered":"https:\/\/radionewsmisiones.ar\/site\/?p=703"},"modified":"2022-08-11T21:32:32","modified_gmt":"2022-08-12T00:32:32","slug":"estudian-la-creacion-de-un-programa-para-el-abordaje-de-la-pubertad-precoz-y-el-retraso-puberal","status":"publish","type":"post","link":"https:\/\/radionewsmisiones.ar\/site\/provinciales\/estudian-la-creacion-de-un-programa-para-el-abordaje-de-la-pubertad-precoz-y-el-retraso-puberal\/","title":{"rendered":"Estudian la creaci\u00f3n de un programa para el abordaje de la pubertad precoz y el retraso puberal"},"content":{"rendered":"\n<p><strong>La cobertura incluir\u00eda pruebas y ex\u00e1menes con fines de diagn\u00f3stico; atenci\u00f3n m\u00e9dica, terap\u00e9utica, psicol\u00f3gica, nutricional y otras con car\u00e1cter interdisciplinario; medicamentos avalados por autoridad cient\u00edfica pertinente seg\u00fan prescripci\u00f3n m\u00e9dica; y servicios de consulta, atenci\u00f3n y seguimiento m\u00e9dico mediante el uso de las nuevas Tecnolog\u00edas de la Informaci\u00f3n y de la Comunicaci\u00f3n.<\/strong><\/p>\n\n\n\n<p>La Comisi\u00f3n de Salud y Seguridad Social de la C\u00e1mara de Representantes de Misiones emiti\u00f3 dictamen unificado en relaci\u00f3n a la petici\u00f3n y asuntos particulares PP 2810\/21,&nbsp;&nbsp;del Parlamento de la Mujer 2021; y a los expedientes D-59274\/22, proyecto del diputado Jorge Ratier Berrondo; y D-59297\/22, presentado por Mart\u00edn Cesino y otros, proponiendo crear el Programa Provincial de Abordaje Integral de la Pubertad Precoz y el Retraso Puberal en el \u00e1mbito del Parque de la Salud de Misiones.<\/p>\n\n\n\n<figure class=\"wp-block-image size-large\"><img loading=\"lazy\" width=\"1024\" height=\"580\" src=\"https:\/\/radionewsmisiones.ar\/site\/wp-content\/uploads\/2022\/08\/DSC02737-1024x580.jpg\" alt=\"\" class=\"wp-image-704\" srcset=\"https:\/\/radionewsmisiones.ar\/site\/wp-content\/uploads\/2022\/08\/DSC02737-1024x580.jpg 1024w, https:\/\/radionewsmisiones.ar\/site\/wp-content\/uploads\/2022\/08\/DSC02737-300x170.jpg 300w, https:\/\/radionewsmisiones.ar\/site\/wp-content\/uploads\/2022\/08\/DSC02737-768x435.jpg 768w, https:\/\/radionewsmisiones.ar\/site\/wp-content\/uploads\/2022\/08\/DSC02737-1536x870.jpg 1536w, https:\/\/radionewsmisiones.ar\/site\/wp-content\/uploads\/2022\/08\/DSC02737.jpg 1600w\" sizes=\"(max-width: 1024px) 100vw, 1024px\" \/><\/figure>\n\n\n\n<p>De la reuni\u00f3n de Comisi\u00f3n participaron las profesionales del Hospital de Pediatr\u00eda \u201cDr. Fernando Barreyro\u201d, doctora Liliana Fern\u00e1ndez Sosa, gerente asistencial; la m\u00e9dica ginec\u00f3loga infantojuvenil, Alicia D\u00edaz; la endocrin\u00f3loga infantil, Sonia Gonz\u00e1lez; y la licenciada en Psicolog\u00eda, Valeria Galeano. Adem\u00e1s participaron como invitados el legislador Ratier Berrondo y la integrante del Parlamento de la Mujer, Paola Garc\u00eda.<\/p>\n\n\n\n<p>El presidente del bloque de diputados renovadores y de la Comisi\u00f3n, Mart\u00edn Cesino, explic\u00f3 la relevancia de este abordaje en \u00abuna provincia con 180 mil ni\u00f1os y ni\u00f1as de entre 6 y 12 a\u00f1os\u201d.<\/p>\n\n\n\n<p>Tambi\u00e9n felicit\u00f3 a los autores de las iniciativas \u201cpor visibilizar la situaci\u00f3n\u201d y destac\u00f3 \u201cel trabajo del equipo de salud del sistema sanitario provincial en el tema\u201d.<\/p>\n\n\n\n<p>A su turno, la m\u00e9dica Alicia D\u00edaz, lament\u00f3 la naturalizaci\u00f3n del desarrollo precoz de las ni\u00f1as, que se da antes de los 8 a\u00f1os, y explic\u00f3 que, en general, \u201cla primera consulta se da por dolor mamario\u201d que al examinar resulta en un \u201cbot\u00f3n mamario o telarca\u201d \u2013dureza debajo de la ar\u00e9ola-.<\/p>\n\n\n\n<p>Otros indicadores son: la transpiraci\u00f3n en las axilas, la aparici\u00f3n de vello pubiano y el inicio de la menstruaci\u00f3n.<\/p>\n\n\n\n<p>Si bien las profesionales coincidieron en que las causas que desencadenan la pubertad precoz son desconocidas advirtieron de la probable incidencia de los alimentos ultraprocesados y el uso de algunos productos, entre ellos los cosm\u00e9ticos.<\/p>\n\n\n\n<p>El diagn\u00f3stico se realiza por laboratorio de hormonas, ecograf\u00eda, y radiograf\u00eda de mano para establecer la edad \u00f3sea. En paralelo se indica a la paciente una dieta baja en hormonas, es decir hipoestrog\u00e9nica.<\/p>\n\n\n\n<p>Como resultado, las ni\u00f1as que padecen esta afecci\u00f3n pueden desarrollar una estatura menor de la esperada, problemas de fertilidad en la edad adulta, enfermedades como s\u00edndrome metab\u00f3lico, aumento de peso y con esto derivar en diabetes, hipertensi\u00f3n, o patolog\u00eda cardiovascular.<\/p>\n\n\n\n<p>Es fundamental que los padres noten los indicios del trastorno y que los pediatras deriven oportunamente para el diagn\u00f3stico y tratamiento.<\/p>\n\n\n\n<p>De aprobarse, el Programa tendr\u00e1 por objetivos revertir el desarrollo precoz de los caracteres sexuales secundarios o el retardo en la aparici\u00f3n de los mismos, y evitar las consecuencias psicosociales y conductuales de las alteraciones en la cronolog\u00eda de la pubertad; proveer atenci\u00f3n m\u00e9dica multidisciplinaria, acceso a estudios, pr\u00e1cticas diagn\u00f3sticas, terap\u00e9uticas y farmacol\u00f3gicas, para la detecci\u00f3n temprana, abordaje, control y seguimiento; y visibilizar y concientizar sobre la importancia de la consulta temprana ante la aparici\u00f3n de signos y s\u00edntomas de desarrollo puberal prematuro de ni\u00f1os y ni\u00f1as o el retraso puberal en adolescentes.<\/p>\n\n\n\n<p>Asimismo buscar\u00e1 promover la prevenci\u00f3n y tratamiento de los factores de riesgo desencadenantes o agravantes asociados; llevar adelante campa\u00f1as educativas e informativas acerca de la pubertad precoz y el retraso puberal; e impulsar la investigaci\u00f3n cient\u00edfica, la docencia y la formaci\u00f3n de recursos humanos; e instrumentar espacios de asistencia y apoyo destinados a pacientes y sus familias como herramientas de contenci\u00f3n.<\/p>\n","protected":false},"excerpt":{"rendered":"<p>La cobertura incluir&iacute;a pruebas y ex&aacute;menes con fines de diagn&oacute;stico; atenci&oacute;n m&eacute;dica, terap&eacute;utica, psicol&oacute;gica, nutricional y otras con car&aacute;cter interdisciplinario; medicamentos avalados por autoridad cient&iacute;fica pertinente seg&uacute;n prescripci&oacute;n m&eacute;dica; y&hellip; <\/p>\n","protected":false},"author":3,"featured_media":705,"comment_status":"closed","ping_status":"open","sticky":false,"template":"","format":"standard","meta":{"_monsterinsights_skip_tracking":false,"_monsterinsights_sitenote_active":false,"_monsterinsights_sitenote_note":"","_monsterinsights_sitenote_category":0},"categories":[3],"tags":[7],"aioseo_notices":[],"_links":{"self":[{"href":"https:\/\/radionewsmisiones.ar\/site\/wp-json\/wp\/v2\/posts\/703"}],"collection":[{"href":"https:\/\/radionewsmisiones.ar\/site\/wp-json\/wp\/v2\/posts"}],"about":[{"href":"https:\/\/radionewsmisiones.ar\/site\/wp-json\/wp\/v2\/types\/post"}],"author":[{"embeddable":true,"href":"https:\/\/radionewsmisiones.ar\/site\/wp-json\/wp\/v2\/users\/3"}],"replies":[{"embeddable":true,"href":"https:\/\/radionewsmisiones.ar\/site\/wp-json\/wp\/v2\/comments?post=703"}],"version-history":[{"count":1,"href":"https:\/\/radionewsmisiones.ar\/site\/wp-json\/wp\/v2\/posts\/703\/revisions"}],"predecessor-version":[{"id":706,"href":"https:\/\/radionewsmisiones.ar\/site\/wp-json\/wp\/v2\/posts\/703\/revisions\/706"}],"wp:featuredmedia":[{"embeddable":true,"href":"https:\/\/radionewsmisiones.ar\/site\/wp-json\/wp\/v2\/media\/705"}],"wp:attachment":[{"href":"https:\/\/radionewsmisiones.ar\/site\/wp-json\/wp\/v2\/media?parent=703"}],"wp:term":[{"taxonomy":"category","embeddable":true,"href":"https:\/\/radionewsmisiones.ar\/site\/wp-json\/wp\/v2\/categories?post=703"},{"taxonomy":"post_tag","embeddable":true,"href":"https:\/\/radionewsmisiones.ar\/site\/wp-json\/wp\/v2\/tags?post=703"}],"curies":[{"name":"wp","href":"https:\/\/api.w.org\/{rel}","templated":true}]}}