{"id":707,"date":"2022-08-11T21:35:44","date_gmt":"2022-08-12T00:35:44","guid":{"rendered":"https:\/\/radionewsmisiones.ar\/site\/?p=707"},"modified":"2022-08-11T21:35:48","modified_gmt":"2022-08-12T00:35:48","slug":"el-indice-de-precios-al-consumidor-subio-74-en-julio","status":"publish","type":"post","link":"https:\/\/radionewsmisiones.ar\/site\/nacionales\/el-indice-de-precios-al-consumidor-subio-74-en-julio\/","title":{"rendered":"El \u00edndice de precios al consumidor subi\u00f3 7,4% en julio"},"content":{"rendered":"\n<p>El Instituto Nacional de Estad\u00edsticas y Censos inform\u00f3 que el indicador\u00a0registr\u00f3 un aumento del 1,9% respecto de junio, y 71% interanual. Acumularon un alza de 46,2% en el primer semestre.<\/p>\n\n\n\n<figure class=\"wp-block-image size-large\"><img loading=\"lazy\" width=\"1024\" height=\"631\" src=\"https:\/\/radionewsmisiones.ar\/site\/wp-content\/uploads\/2022\/08\/inde-1024x631.jpg\" alt=\"\" class=\"wp-image-708\" srcset=\"https:\/\/radionewsmisiones.ar\/site\/wp-content\/uploads\/2022\/08\/inde-1024x631.jpg 1024w, https:\/\/radionewsmisiones.ar\/site\/wp-content\/uploads\/2022\/08\/inde-300x185.jpg 300w, https:\/\/radionewsmisiones.ar\/site\/wp-content\/uploads\/2022\/08\/inde-768x473.jpg 768w, https:\/\/radionewsmisiones.ar\/site\/wp-content\/uploads\/2022\/08\/inde.jpg 1200w\" sizes=\"(max-width: 1024px) 100vw, 1024px\" \/><\/figure>\n\n\n\n<p>El \u00cdndice de precios al consumidor (IPC) aument\u00f3 7,4% mensual, y acumul\u00f3 en los primeros siete meses del a\u00f1o una suba del 46,2%, inform\u00f3 este jueves el Instituto Nacional de Estad\u00edstica y Censos (Indec).<\/p>\n\n\n\n<p>En la comparaci\u00f3n interanual, la inflaci\u00f3n minorista registr\u00f3 un incremento de 71%, agreg\u00f3 el organismo.<\/p>\n\n\n\n<p>La suba del 7,4% super\u00f3 a la del 6,7% que se hab\u00eda registrado en marzo, y se coinvirti\u00f3 en el registro mensual m\u00e1s alto en lo que va del a\u00f1o.<\/p>\n\n\n\n<p>El rubro que present\u00f3 la mayor suba del mes fue Recreaci\u00f3n y cultura, con el 13,2%, explicada en parte por los aumentos de los servicios asociados al turismo durante el receso invernal.<\/p>\n\n\n\n<p>Le siguieron las subas en Equipamiento y mantenimiento del hogar, con el 10,3% y en Restaurantes y hoteles, 9,8%, esta \u00faltima tambi\u00e9n comprendida en el marco del receso de invierno.<\/p>\n\n\n\n<p>Adem\u00e1s, durante julio se destacaron los incrementos de cigarrillos, en la divisi\u00f3n Bebidas alcoh\u00f3licas y tabaco con el 6,4%; de los servicios de agua y electricidad en algunas regiones del pa\u00eds, que impactaron en Vivienda, agua, electricidad, gas y otros combustibles, 4,6%; de la cuota de la medicina prepaga en la divisi\u00f3n Salud 6,8%.<\/p>\n\n\n\n<p>En tanto, los servicios de telefon\u00eda y de conexi\u00f3n a internet, en Comunicaci\u00f3n subieron 5,5%; y de los servicios educativos de todos los niveles, en Educaci\u00f3n, 6,1%<\/p>\n\n\n\n<p>La suba de Alimentos y bebidas no alcoh\u00f3licas del 6% \u201dfue la de mayor incidencia en todas las regiones\u201d, destac\u00f3 el Indec.<\/p>\n\n\n\n<p>A nivel de las categor\u00edas,\u00a0lider\u00f3 el alza mensual Estacionales con el 11,3%, explicada principalmente por el comportamiento de Frutas y Verduras, tub\u00e9rculos y legumbres y las mencionadas relacionadas con los servicios de turismo, seguida por IPC N\u00facleo, con un incremento del 7,3%, y los Regulados con el 4,9%.<\/p>\n\n\n\n<p>En lo que va del a\u00f1o, la inflaci\u00f3n minorista alcanz\u00f3 al 46,2%, con alzas del 48,3% en Alimentos y Bebidas, del 56,5% en Prendas de Vestir y Calzado; 53,7% para Restaurantes y Hoteles; 48,2% en Educaci\u00f3n; 46,9% en Salud, entre otros.<\/p>\n\n\n\n<p>Esta suba del 46,2% est\u00e1 compuesta por un alza del 62,3% en los productos y servicios estacionales, del 45,4% en la Inflaci\u00f3n N\u00facleo y del 39,3% en los Regulados.<\/p>\n","protected":false},"excerpt":{"rendered":"<p>El Instituto Nacional de Estad&iacute;sticas y Censos inform&oacute; que el indicador&nbsp;registr&oacute; un aumento del 1,9% respecto de junio, y 71% interanual. Acumularon un alza de 46,2% en el primer semestre.&hellip; <\/p>\n","protected":false},"author":3,"featured_media":709,"comment_status":"closed","ping_status":"open","sticky":false,"template":"","format":"standard","meta":{"_monsterinsights_skip_tracking":false,"_monsterinsights_sitenote_active":false,"_monsterinsights_sitenote_note":"","_monsterinsights_sitenote_category":0},"categories":[4],"tags":[],"aioseo_notices":[],"_links":{"self":[{"href":"https:\/\/radionewsmisiones.ar\/site\/wp-json\/wp\/v2\/posts\/707"}],"collection":[{"href":"https:\/\/radionewsmisiones.ar\/site\/wp-json\/wp\/v2\/posts"}],"about":[{"href":"https:\/\/radionewsmisiones.ar\/site\/wp-json\/wp\/v2\/types\/post"}],"author":[{"embeddable":true,"href":"https:\/\/radionewsmisiones.ar\/site\/wp-json\/wp\/v2\/users\/3"}],"replies":[{"embeddable":true,"href":"https:\/\/radionewsmisiones.ar\/site\/wp-json\/wp\/v2\/comments?post=707"}],"version-history":[{"count":1,"href":"https:\/\/radionewsmisiones.ar\/site\/wp-json\/wp\/v2\/posts\/707\/revisions"}],"predecessor-version":[{"id":710,"href":"https:\/\/radionewsmisiones.ar\/site\/wp-json\/wp\/v2\/posts\/707\/revisions\/710"}],"wp:featuredmedia":[{"embeddable":true,"href":"https:\/\/radionewsmisiones.ar\/site\/wp-json\/wp\/v2\/media\/709"}],"wp:attachment":[{"href":"https:\/\/radionewsmisiones.ar\/site\/wp-json\/wp\/v2\/media?parent=707"}],"wp:term":[{"taxonomy":"category","embeddable":true,"href":"https:\/\/radionewsmisiones.ar\/site\/wp-json\/wp\/v2\/categories?post=707"},{"taxonomy":"post_tag","embeddable":true,"href":"https:\/\/radionewsmisiones.ar\/site\/wp-json\/wp\/v2\/tags?post=707"}],"curies":[{"name":"wp","href":"https:\/\/api.w.org\/{rel}","templated":true}]}}