{"id":7128,"date":"2023-03-28T07:38:22","date_gmt":"2023-03-28T10:38:22","guid":{"rendered":"https:\/\/radionewsmisiones.ar\/site\/?p=7128"},"modified":"2023-03-28T07:38:25","modified_gmt":"2023-03-28T10:38:25","slug":"el-programa-municipal-posadas-por-la-memoria-se-destaco-en-el-foro-mundial-de-dd-hh","status":"publish","type":"post","link":"https:\/\/radionewsmisiones.ar\/site\/provinciales\/el-programa-municipal-posadas-por-la-memoria-se-destaco-en-el-foro-mundial-de-dd-hh\/","title":{"rendered":"El Programa Municipal Posadas por la Memoria se destac\u00f3 en el Foro Mundial de DD.HH."},"content":{"rendered":"\n<p>\u201cEl Programa Municipal Posadas por la Memoria\u201d fue presentado en la tercera edici\u00f3n del Foro Mundial de Derechos Humanos (FMDH23) que se realiza en Buenos Aires, oportunidad en que el pa\u00eds conmemora sus 40 a\u00f1os ininterrumpidos de la democracia.<\/p>\n\n\n\n<figure class=\"wp-block-image size-large\"><img loading=\"lazy\" width=\"1024\" height=\"667\" src=\"https:\/\/radionewsmisiones.ar\/site\/wp-content\/uploads\/2023\/03\/WhatsApp-Image-2023-03-27-at-18.40.59-1024x667.jpeg\" alt=\"\" class=\"wp-image-7129\" srcset=\"https:\/\/radionewsmisiones.ar\/site\/wp-content\/uploads\/2023\/03\/WhatsApp-Image-2023-03-27-at-18.40.59-1024x667.jpeg 1024w, https:\/\/radionewsmisiones.ar\/site\/wp-content\/uploads\/2023\/03\/WhatsApp-Image-2023-03-27-at-18.40.59-300x196.jpeg 300w, https:\/\/radionewsmisiones.ar\/site\/wp-content\/uploads\/2023\/03\/WhatsApp-Image-2023-03-27-at-18.40.59-768x500.jpeg 768w, https:\/\/radionewsmisiones.ar\/site\/wp-content\/uploads\/2023\/03\/WhatsApp-Image-2023-03-27-at-18.40.59.jpeg 1200w\" sizes=\"(max-width: 1024px) 100vw, 1024px\" \/><\/figure>\n\n\n\n<p>La Direcci\u00f3n General de Derechos Humanos de la Secretar\u00eda de Gobierno, y Agencia Universitaria, se presentaron dentro del panel de exposici\u00f3n de Pol\u00edticas P\u00fablicas y Derechos Humanos, el trabajo realizado desde la gesti\u00f3n municipal respecto al Circuito de la Memoria, la plataforma virtual de \u201cPosadas por la Memoria\u201d y los Paseos Guiados junto a los estudiantes secundarios.<\/p>\n\n\n\n<p>Organizado por el Centro Internacional para la Promoci\u00f3n de los Derechos Humanos (CIPDH- UNESCO) y la Secretar\u00eda de Derechos Humanos de la Naci\u00f3n, el tercer Foro Mundial de Derechos Humanos de Argentina represent\u00f3 una reivindicaci\u00f3n por las luchas que personas de nuestro pa\u00eds, de nuestra regi\u00f3n y del mundo han ganado, muchas veces con sus propias vidas, con el \u00fanico objetivo de alcanzar la paz, la conquista de libertades y la ampliaci\u00f3n de derechos.<\/p>\n\n\n\n<p>La apertura del III FMDH23 se dio en el marco del inicio de la Semana de la Memoria por la Verdad y la Justicia. Esto representa el compromiso de brindar homenaje a los 30.000 detenidos desaparecidos durante la \u00faltima dictadura militar argentina, as\u00ed como tambi\u00e9n representa el valor de todos estos a\u00f1os de luchas que las Madres y Abuelas de Plaza de Mayo han venido llevando a cabo y conquistando.<\/p>\n","protected":false},"excerpt":{"rendered":"<p>&ldquo;El Programa Municipal Posadas por la Memoria&rdquo; fue presentado en la tercera edici&oacute;n del Foro Mundial de Derechos Humanos (FMDH23) que se realiza en Buenos Aires, oportunidad en que el&hellip; <\/p>\n","protected":false},"author":3,"featured_media":7130,"comment_status":"closed","ping_status":"open","sticky":false,"template":"","format":"standard","meta":{"_monsterinsights_skip_tracking":false,"_monsterinsights_sitenote_active":false,"_monsterinsights_sitenote_note":"","_monsterinsights_sitenote_category":0},"categories":[3],"tags":[22],"aioseo_notices":[],"_links":{"self":[{"href":"https:\/\/radionewsmisiones.ar\/site\/wp-json\/wp\/v2\/posts\/7128"}],"collection":[{"href":"https:\/\/radionewsmisiones.ar\/site\/wp-json\/wp\/v2\/posts"}],"about":[{"href":"https:\/\/radionewsmisiones.ar\/site\/wp-json\/wp\/v2\/types\/post"}],"author":[{"embeddable":true,"href":"https:\/\/radionewsmisiones.ar\/site\/wp-json\/wp\/v2\/users\/3"}],"replies":[{"embeddable":true,"href":"https:\/\/radionewsmisiones.ar\/site\/wp-json\/wp\/v2\/comments?post=7128"}],"version-history":[{"count":1,"href":"https:\/\/radionewsmisiones.ar\/site\/wp-json\/wp\/v2\/posts\/7128\/revisions"}],"predecessor-version":[{"id":7131,"href":"https:\/\/radionewsmisiones.ar\/site\/wp-json\/wp\/v2\/posts\/7128\/revisions\/7131"}],"wp:featuredmedia":[{"embeddable":true,"href":"https:\/\/radionewsmisiones.ar\/site\/wp-json\/wp\/v2\/media\/7130"}],"wp:attachment":[{"href":"https:\/\/radionewsmisiones.ar\/site\/wp-json\/wp\/v2\/media?parent=7128"}],"wp:term":[{"taxonomy":"category","embeddable":true,"href":"https:\/\/radionewsmisiones.ar\/site\/wp-json\/wp\/v2\/categories?post=7128"},{"taxonomy":"post_tag","embeddable":true,"href":"https:\/\/radionewsmisiones.ar\/site\/wp-json\/wp\/v2\/tags?post=7128"}],"curies":[{"name":"wp","href":"https:\/\/api.w.org\/{rel}","templated":true}]}}