{"id":795,"date":"2022-08-15T19:33:42","date_gmt":"2022-08-15T22:33:42","guid":{"rendered":"https:\/\/radionewsmisiones.ar\/site\/?p=795"},"modified":"2022-08-15T19:33:46","modified_gmt":"2022-08-15T22:33:46","slug":"arce-en-fachinal-es-tiempo-de-dialogo-vamos-a-seguir-defendiendo-el-misionerismo-comprometidos-con-las-familias-ganaderas","status":"publish","type":"post","link":"https:\/\/radionewsmisiones.ar\/site\/provinciales\/arce-en-fachinal-es-tiempo-de-dialogo-vamos-a-seguir-defendiendo-el-misionerismo-comprometidos-con-las-familias-ganaderas\/","title":{"rendered":"Arce en Fachinal: \u00abEs tiempo de di\u00e1logo, vamos a seguir defendiendo el Misionerismo comprometidos con las familias ganaderas\u00bb"},"content":{"rendered":"\n<p>El vicegobernador Carlos Arce presidi\u00f3 la apertura oficial de la Expo Rural de las Misiones en la Sociedad Rural de Misiones junto a sus directivos donde remarc\u00f3 el compromiso desde el Gobierno Provincial por el di\u00e1logo y consenso con la producci\u00f3n ganadera.<\/p>\n\n\n\n<figure class=\"wp-block-image size-large\"><img loading=\"lazy\" width=\"1024\" height=\"682\" src=\"https:\/\/radionewsmisiones.ar\/site\/wp-content\/uploads\/2022\/08\/WhatsApp-Image-2022-08-13-at-21.46.02-1024x682.jpeg\" alt=\"\" class=\"wp-image-796\" srcset=\"https:\/\/radionewsmisiones.ar\/site\/wp-content\/uploads\/2022\/08\/WhatsApp-Image-2022-08-13-at-21.46.02-1024x682.jpeg 1024w, https:\/\/radionewsmisiones.ar\/site\/wp-content\/uploads\/2022\/08\/WhatsApp-Image-2022-08-13-at-21.46.02-300x200.jpeg 300w, https:\/\/radionewsmisiones.ar\/site\/wp-content\/uploads\/2022\/08\/WhatsApp-Image-2022-08-13-at-21.46.02-768x512.jpeg 768w, https:\/\/radionewsmisiones.ar\/site\/wp-content\/uploads\/2022\/08\/WhatsApp-Image-2022-08-13-at-21.46.02.jpeg 1280w\" sizes=\"(max-width: 1024px) 100vw, 1024px\" \/><\/figure>\n\n\n\n<p>Fachinal, 13 de agosto. Esta ma\u00f1ana el vicegobernador Carlos Arce acompa\u00f1\u00f3 en esta localidad en el predio de la Sociedad Rural de las Misiones la apertura oficial de la Expo Rural junto a la familia ganadera, directivos de la Sociedad Rural, funcionarios provinciales y municipales.<\/p>\n\n\n\n<p>El vicegobernador Carlos Arce agradeci\u00f3 la recepci\u00f3n a la gran familia ganadera, \u00abes tiempo de di\u00e1logo, nosotros vamos a dialogar, no vamos a tomar ninguna medida que vaya en contra de la producci\u00f3n ganadera, como lo hacemos con la Yerba, con el T\u00e9, con el peque\u00f1o productor, sin di\u00e1logo o consenso.\u00bb<\/p>\n\n\n\n<p>Arce se\u00f1al\u00f3 que \u00abHoy est\u00e1n ac\u00e1 de distintas \u00e1reas del Gobierno con compromiso para tomar las mejores decisiones, para defender el misionerismo que no tiene partido pol\u00edtico, sino que tiene historia como la familia ganadera, como los peque\u00f1os productores y eso lo vamos a seguir respetando siempre.\u00bb Finaliz\u00f3 el vicegobernador Carlos Arce.<\/p>\n\n\n\n<p>En la Expo Rural de las Misiones hay un encierre de 144 bovinos de las razas Brangus, Brahman y Braford de excelente calidad gen\u00e9tica y m\u00e1s de 100 cabezas de ovinos y caprinos.<\/p>\n\n\n\n<p>La Expo Rural de las Misiones, que comenz\u00f3 este viernes en Fachinal, y qued\u00f3 inaugurada oficialmente hoy con la presencia del Vicegobernador Carlos Arce, directivos de la Sociedad Rural de Misiones y dem\u00e1s autoridades provinciales.<\/p>\n\n\n\n<p>La muestra que va hasta el domingo se realiza en el predio de la Sociedad Rural de Misiones, en el kil\u00f3metro 32 de la ruta provincial 105, en Fachinal.<\/p>\n\n\n\n<p>Este s\u00e1bado durante la inauguraci\u00f3n oficial se realiz\u00f3 un reconocimiento desde la SRM a los H\u00e9roes de la Biodiversidad. Tambi\u00e9n se present\u00f3 a los grandes campeones de la Tierra Colorada y continu\u00f3 con el remate.<\/p>\n\n\n\n<p>Durante las jornadas est\u00e1n en exposici\u00f3n razas ovinas y demostraci\u00f3n de cr\u00eda de piscicultura, entre otras actividades, adem\u00e1s se ofrecen al p\u00fablico actividades h\u00edpicas y muestras de animales variados.<\/p>\n\n\n\n<p>Se muestran adem\u00e1s nuevas especies forestales, como plantas de yerba mate dentro del segmento \u00abNuestras Ra\u00edces\u00bb. Se destac\u00f3 desde la muestra la importancia de las especies vegetales para dar sustento y cuidar la tierra productiva.<\/p>\n\n\n\n<p>La exposici\u00f3n, organizada por la Sociedad Rural de Misiones culmina ma\u00f1ana domingo, con la presentaci\u00f3n de variados grupos musicales folkl\u00f3ricos desde el mediod\u00eda.<\/p>\n","protected":false},"excerpt":{"rendered":"<p>El vicegobernador Carlos Arce presidi&oacute; la apertura oficial de la Expo Rural de las Misiones en la Sociedad Rural de Misiones junto a sus directivos donde remarc&oacute; el compromiso desde&hellip; <\/p>\n","protected":false},"author":3,"featured_media":797,"comment_status":"closed","ping_status":"open","sticky":false,"template":"","format":"standard","meta":{"_monsterinsights_skip_tracking":false,"_monsterinsights_sitenote_active":false,"_monsterinsights_sitenote_note":"","_monsterinsights_sitenote_category":0},"categories":[3],"tags":[],"aioseo_notices":[],"_links":{"self":[{"href":"https:\/\/radionewsmisiones.ar\/site\/wp-json\/wp\/v2\/posts\/795"}],"collection":[{"href":"https:\/\/radionewsmisiones.ar\/site\/wp-json\/wp\/v2\/posts"}],"about":[{"href":"https:\/\/radionewsmisiones.ar\/site\/wp-json\/wp\/v2\/types\/post"}],"author":[{"embeddable":true,"href":"https:\/\/radionewsmisiones.ar\/site\/wp-json\/wp\/v2\/users\/3"}],"replies":[{"embeddable":true,"href":"https:\/\/radionewsmisiones.ar\/site\/wp-json\/wp\/v2\/comments?post=795"}],"version-history":[{"count":1,"href":"https:\/\/radionewsmisiones.ar\/site\/wp-json\/wp\/v2\/posts\/795\/revisions"}],"predecessor-version":[{"id":798,"href":"https:\/\/radionewsmisiones.ar\/site\/wp-json\/wp\/v2\/posts\/795\/revisions\/798"}],"wp:featuredmedia":[{"embeddable":true,"href":"https:\/\/radionewsmisiones.ar\/site\/wp-json\/wp\/v2\/media\/797"}],"wp:attachment":[{"href":"https:\/\/radionewsmisiones.ar\/site\/wp-json\/wp\/v2\/media?parent=795"}],"wp:term":[{"taxonomy":"category","embeddable":true,"href":"https:\/\/radionewsmisiones.ar\/site\/wp-json\/wp\/v2\/categories?post=795"},{"taxonomy":"post_tag","embeddable":true,"href":"https:\/\/radionewsmisiones.ar\/site\/wp-json\/wp\/v2\/tags?post=795"}],"curies":[{"name":"wp","href":"https:\/\/api.w.org\/{rel}","templated":true}]}}