{"id":799,"date":"2022-08-15T19:35:50","date_gmt":"2022-08-15T22:35:50","guid":{"rendered":"https:\/\/radionewsmisiones.ar\/site\/?p=799"},"modified":"2022-08-15T19:35:53","modified_gmt":"2022-08-15T22:35:53","slug":"arce-visito-el-imponente-demo-fest-en-la-costanera-de-posadas","status":"publish","type":"post","link":"https:\/\/radionewsmisiones.ar\/site\/provinciales\/arce-visito-el-imponente-demo-fest-en-la-costanera-de-posadas\/","title":{"rendered":"Arce visit\u00f3 el imponente Demo Fest en la Costanera de Posadas"},"content":{"rendered":"\n<p>El vicegobernador Carlos Arce acompa\u00f1\u00f3 la 2\u00b0 Edici\u00f3n de DEMO Festival de Dise\u00f1o Gr\u00e1fico, Ilustraci\u00f3n y Artes Audiovisuales que se realiz\u00f3 en la Estaci\u00f3n de Trenes y Multicultural de la Costanera de Posadas.<\/p>\n\n\n\n<figure class=\"wp-block-image size-large\"><img loading=\"lazy\" width=\"1024\" height=\"683\" src=\"https:\/\/radionewsmisiones.ar\/site\/wp-content\/uploads\/2022\/08\/WhatsApp-Image-2022-08-13-at-21.49.16-1024x683.jpeg\" alt=\"\" class=\"wp-image-800\" srcset=\"https:\/\/radionewsmisiones.ar\/site\/wp-content\/uploads\/2022\/08\/WhatsApp-Image-2022-08-13-at-21.49.16-1024x683.jpeg 1024w, https:\/\/radionewsmisiones.ar\/site\/wp-content\/uploads\/2022\/08\/WhatsApp-Image-2022-08-13-at-21.49.16-300x200.jpeg 300w, https:\/\/radionewsmisiones.ar\/site\/wp-content\/uploads\/2022\/08\/WhatsApp-Image-2022-08-13-at-21.49.16-768x512.jpeg 768w, https:\/\/radionewsmisiones.ar\/site\/wp-content\/uploads\/2022\/08\/WhatsApp-Image-2022-08-13-at-21.49.16-1536x1024.jpeg 1536w, https:\/\/radionewsmisiones.ar\/site\/wp-content\/uploads\/2022\/08\/WhatsApp-Image-2022-08-13-at-21.49.16.jpeg 1599w\" sizes=\"(max-width: 1024px) 100vw, 1024px\" \/><\/figure>\n\n\n\n<p>El vicegobernador Carlos Arce destac\u00f3 el evento por ser para todas las edades y para todo tipo de p\u00fablico. \u00abEl arte es sin\u00f3nimo de libertad, de creaci\u00f3n, de expresi\u00f3n y es un orgullo que artistas de la provincia, del pa\u00eds y otros pa\u00edses est\u00e9n presentes con sus creaciones.\u00bb Coment\u00f3 Arce.<\/p>\n\n\n\n<p>DEMO Festival es el primer encuentro del NEA que re\u00fane a exponentes del dise\u00f1o gr\u00e1fico, la ilustraci\u00f3n y el arte audiovisual, teniendo como punto de concentraci\u00f3n la ciudad de Posadas. Propone una interacci\u00f3n e intercambio con otras provincias de Argentina y pa\u00edses lim\u00edtrofes.<\/p>\n\n\n\n<p>Con una propuesta de reunir a referentes de la escena local, nacional e internacional de las \u00e1reas mencionadas para desarrollar conferencias, talleres, ferias y exposiciones destinadas tanto a profesionales y estudiantes de las \u00e1reas como al p\u00fablico en general, instituciones y artistas.<\/p>\n\n\n\n<p>DEMO Festival tiene el acompa\u00f1amiento de la Vicegobernaci\u00f3n de Misiones y fue declarado de Inter\u00e9s Provincial y tiene una finalidad educativa, expositiva, recreativa, experimental y empresarial; las tem\u00e1ticas y exposiciones har\u00e1n hincapi\u00e9 en la sustentabilidad y la innovaci\u00f3n.<\/p>\n\n\n\n<p>Adem\u00e1s cont\u00f3 con exposiciones de enfoque en la crisis clim\u00e1tica, la tecnolog\u00eda, la sustentabilidad, el reciclaje y la innovaci\u00f3n, la concientizaci\u00f3n y comunicaci\u00f3n de esta gran problem\u00e1tica mundial.<\/p>\n","protected":false},"excerpt":{"rendered":"<p>El vicegobernador Carlos Arce acompa&ntilde;&oacute; la 2&deg; Edici&oacute;n de DEMO Festival de Dise&ntilde;o Gr&aacute;fico, Ilustraci&oacute;n y Artes Audiovisuales que se realiz&oacute; en la Estaci&oacute;n de Trenes y Multicultural de la&hellip; <\/p>\n","protected":false},"author":3,"featured_media":801,"comment_status":"closed","ping_status":"open","sticky":false,"template":"","format":"standard","meta":{"_monsterinsights_skip_tracking":false,"_monsterinsights_sitenote_active":false,"_monsterinsights_sitenote_note":"","_monsterinsights_sitenote_category":0},"categories":[3],"tags":[],"aioseo_notices":[],"_links":{"self":[{"href":"https:\/\/radionewsmisiones.ar\/site\/wp-json\/wp\/v2\/posts\/799"}],"collection":[{"href":"https:\/\/radionewsmisiones.ar\/site\/wp-json\/wp\/v2\/posts"}],"about":[{"href":"https:\/\/radionewsmisiones.ar\/site\/wp-json\/wp\/v2\/types\/post"}],"author":[{"embeddable":true,"href":"https:\/\/radionewsmisiones.ar\/site\/wp-json\/wp\/v2\/users\/3"}],"replies":[{"embeddable":true,"href":"https:\/\/radionewsmisiones.ar\/site\/wp-json\/wp\/v2\/comments?post=799"}],"version-history":[{"count":1,"href":"https:\/\/radionewsmisiones.ar\/site\/wp-json\/wp\/v2\/posts\/799\/revisions"}],"predecessor-version":[{"id":802,"href":"https:\/\/radionewsmisiones.ar\/site\/wp-json\/wp\/v2\/posts\/799\/revisions\/802"}],"wp:featuredmedia":[{"embeddable":true,"href":"https:\/\/radionewsmisiones.ar\/site\/wp-json\/wp\/v2\/media\/801"}],"wp:attachment":[{"href":"https:\/\/radionewsmisiones.ar\/site\/wp-json\/wp\/v2\/media?parent=799"}],"wp:term":[{"taxonomy":"category","embeddable":true,"href":"https:\/\/radionewsmisiones.ar\/site\/wp-json\/wp\/v2\/categories?post=799"},{"taxonomy":"post_tag","embeddable":true,"href":"https:\/\/radionewsmisiones.ar\/site\/wp-json\/wp\/v2\/tags?post=799"}],"curies":[{"name":"wp","href":"https:\/\/api.w.org\/{rel}","templated":true}]}}