{"id":803,"date":"2022-08-15T19:38:12","date_gmt":"2022-08-15T22:38:12","guid":{"rendered":"https:\/\/radionewsmisiones.ar\/site\/?p=803"},"modified":"2022-08-15T19:38:16","modified_gmt":"2022-08-15T22:38:16","slug":"el-vicegobernador-arce-destaco-a-quienes-defienden-nuestra-tierra-en-130-aniversario-de-san-jose","status":"publish","type":"post","link":"https:\/\/radionewsmisiones.ar\/site\/provinciales\/el-vicegobernador-arce-destaco-a-quienes-defienden-nuestra-tierra-en-130-aniversario-de-san-jose\/","title":{"rendered":"El vicegobernador Arce destac\u00f3 a quienes \u00abdefienden nuestra tierra\u00bb en 130\u00b0 Aniversario de San Jos\u00e9"},"content":{"rendered":"\n<p><em>El vicegobernador Carlos Arce presidi\u00f3 la celebraci\u00f3n por el 130\u00b0 Aniversario de San Jos\u00e9 junto al intendebte local Jorge Kike Tenaschuk y su comunidad.<\/em><br>\u00abEl pueblo lo hace la gente, los pioneros, los primeros habitantes, y hoy ustedes\u00bb, dijo Arce y continu\u00f3 sobre or\u00edgenes comienzos en estas tierras, \u00abpor todos los que defendieron y protegieron este lugar\u00bb.<\/p>\n\n\n\n<figure class=\"wp-block-image size-large\"><img loading=\"lazy\" width=\"1024\" height=\"682\" src=\"https:\/\/radionewsmisiones.ar\/site\/wp-content\/uploads\/2022\/08\/WhatsApp-Image-2022-08-14-at-15.05.48-1024x682.jpeg\" alt=\"\" class=\"wp-image-804\" srcset=\"https:\/\/radionewsmisiones.ar\/site\/wp-content\/uploads\/2022\/08\/WhatsApp-Image-2022-08-14-at-15.05.48-1024x682.jpeg 1024w, https:\/\/radionewsmisiones.ar\/site\/wp-content\/uploads\/2022\/08\/WhatsApp-Image-2022-08-14-at-15.05.48-300x200.jpeg 300w, https:\/\/radionewsmisiones.ar\/site\/wp-content\/uploads\/2022\/08\/WhatsApp-Image-2022-08-14-at-15.05.48-768x512.jpeg 768w, https:\/\/radionewsmisiones.ar\/site\/wp-content\/uploads\/2022\/08\/WhatsApp-Image-2022-08-14-at-15.05.48.jpeg 1280w\" sizes=\"(max-width: 1024px) 100vw, 1024px\" \/><\/figure>\n\n\n\n<p>\u00abAc\u00e1 pasaron h\u00e9roes, ilustres, como Gervasio Artigas, como Andresito, nuestro h\u00e9roe provincial, defendiendo nuestro territorio, pero esa defensa no s\u00f3lo se hace con armas, sino tambi\u00e9n con historias, con trabajo, con esfuerzo, y es lo que hace uds, los pobladores de San Jos\u00e9.\u00bb Remarc\u00f3 Arce.<\/p>\n\n\n\n<p>El vicegobernador Arce agradeci\u00f3 y destac\u00f3 la figura de docentes, de personal de salud y la comunidad para atravesar la pandemia.<\/p>\n\n\n\n<p>\u00abSan Jos\u00e9 es una localidad con buena gente, y me alegra estar hoy con uds. para reconocer a quienes construyeron en los momentos m\u00e1s dif\u00edciles nuestra historia, nuestro misionerismo y nuestra Patria.\u00bb Concluy\u00f3 Arce.<\/p>\n\n\n\n<p>La celebraci\u00f3n por el 130\u00b0 aniversario con la presencia del vicegobernador Carlos Arce, el intendente local Jorge Kike Tenaschuk, representantes de las Fuerzas, de la comunidades educativa y de salud, funcionarios municipales y provinciales, se llev\u00f3 a cabo en el Sal\u00f3n Parroquial debido a las inclemencias del tiempo pero con el mismo colorido para compartir en comunidad.<\/p>\n","protected":false},"excerpt":{"rendered":"<p>El vicegobernador Carlos Arce presidi&oacute; la celebraci&oacute;n por el 130&deg; Aniversario de San Jos&eacute; junto al intendebte local Jorge Kike Tenaschuk y su comunidad.&laquo;El pueblo lo hace la gente, los&hellip; <\/p>\n","protected":false},"author":3,"featured_media":805,"comment_status":"closed","ping_status":"open","sticky":false,"template":"","format":"standard","meta":{"_monsterinsights_skip_tracking":false,"_monsterinsights_sitenote_active":false,"_monsterinsights_sitenote_note":"","_monsterinsights_sitenote_category":0},"categories":[3],"tags":[],"aioseo_notices":[],"_links":{"self":[{"href":"https:\/\/radionewsmisiones.ar\/site\/wp-json\/wp\/v2\/posts\/803"}],"collection":[{"href":"https:\/\/radionewsmisiones.ar\/site\/wp-json\/wp\/v2\/posts"}],"about":[{"href":"https:\/\/radionewsmisiones.ar\/site\/wp-json\/wp\/v2\/types\/post"}],"author":[{"embeddable":true,"href":"https:\/\/radionewsmisiones.ar\/site\/wp-json\/wp\/v2\/users\/3"}],"replies":[{"embeddable":true,"href":"https:\/\/radionewsmisiones.ar\/site\/wp-json\/wp\/v2\/comments?post=803"}],"version-history":[{"count":1,"href":"https:\/\/radionewsmisiones.ar\/site\/wp-json\/wp\/v2\/posts\/803\/revisions"}],"predecessor-version":[{"id":806,"href":"https:\/\/radionewsmisiones.ar\/site\/wp-json\/wp\/v2\/posts\/803\/revisions\/806"}],"wp:featuredmedia":[{"embeddable":true,"href":"https:\/\/radionewsmisiones.ar\/site\/wp-json\/wp\/v2\/media\/805"}],"wp:attachment":[{"href":"https:\/\/radionewsmisiones.ar\/site\/wp-json\/wp\/v2\/media?parent=803"}],"wp:term":[{"taxonomy":"category","embeddable":true,"href":"https:\/\/radionewsmisiones.ar\/site\/wp-json\/wp\/v2\/categories?post=803"},{"taxonomy":"post_tag","embeddable":true,"href":"https:\/\/radionewsmisiones.ar\/site\/wp-json\/wp\/v2\/tags?post=803"}],"curies":[{"name":"wp","href":"https:\/\/api.w.org\/{rel}","templated":true}]}}