{"id":807,"date":"2022-08-15T19:41:03","date_gmt":"2022-08-15T22:41:03","guid":{"rendered":"https:\/\/radionewsmisiones.ar\/site\/?p=807"},"modified":"2022-08-15T19:41:08","modified_gmt":"2022-08-15T22:41:08","slug":"arce-destaco-que-misiones-es-distinta-al-resto-del-pais-aca-trabajamos-por-el-bienestar-de-nuestra-poblacion","status":"publish","type":"post","link":"https:\/\/radionewsmisiones.ar\/site\/provinciales\/arce-destaco-que-misiones-es-distinta-al-resto-del-pais-aca-trabajamos-por-el-bienestar-de-nuestra-poblacion\/","title":{"rendered":"Arce destac\u00f3 que Misiones es distinta al resto del pa\u00eds, \u00abac\u00e1 trabajamos por el bienestar de nuestra poblaci\u00f3n\u00bb"},"content":{"rendered":"\n<p>El vicegobernador Dr. Carlos Arce presidi\u00f3 el 103\u00b0 Aniversario de Ru\u00edz de Montoya en una ceremonia colmada de emoci\u00f3n junto a la comunidad.<\/p>\n\n\n\n<p>Ru\u00edz de Montoya. El vicegobernador Dr. Carlos Arce junto al intendente local V\u00edctor Vogel y su comunidad celebraron el 103\u00b0 Aniversario de esta localidad con gran emoci\u00f3n.<\/p>\n\n\n\n<figure class=\"wp-block-image size-large\"><img loading=\"lazy\" width=\"1024\" height=\"750\" src=\"https:\/\/radionewsmisiones.ar\/site\/wp-content\/uploads\/2022\/08\/WhatsApp-Image-2022-08-11-at-14.23.19-1024x750.jpeg\" alt=\"\" class=\"wp-image-808\" srcset=\"https:\/\/radionewsmisiones.ar\/site\/wp-content\/uploads\/2022\/08\/WhatsApp-Image-2022-08-11-at-14.23.19-1024x750.jpeg 1024w, https:\/\/radionewsmisiones.ar\/site\/wp-content\/uploads\/2022\/08\/WhatsApp-Image-2022-08-11-at-14.23.19-300x220.jpeg 300w, https:\/\/radionewsmisiones.ar\/site\/wp-content\/uploads\/2022\/08\/WhatsApp-Image-2022-08-11-at-14.23.19-768x562.jpeg 768w, https:\/\/radionewsmisiones.ar\/site\/wp-content\/uploads\/2022\/08\/WhatsApp-Image-2022-08-11-at-14.23.19.jpeg 1280w\" sizes=\"(max-width: 1024px) 100vw, 1024px\" \/><\/figure>\n\n\n\n<p>El vicegobernador destac\u00f3 en la figura de los pioneros \u00absu fortaleza, y su ejemplo de trabajo y ambici\u00f3n para progresar en nuestro pa\u00eds, en nuestra maravillosa tierra colorada.\u00bb<\/p>\n\n\n\n<p>\u00abEl a\u00f1o pasado celebramos el aniversario 76 y hoy 103 a\u00f1os en una reivindicaci\u00f3n justa y gracias al importante trabajo que realizaron en el Municipio contando los inicios de estas tierras.\u00bb Se\u00f1al\u00f3 Arce.<\/p>\n\n\n\n<p>Arce se refiri\u00f3 a la historia local para llegar hasta hoy en una comunidad pr\u00f3spera y pujante, agradeci\u00f3 a los representantes de distintos sectores de la comunidad.<\/p>\n\n\n\n<p>\u00abSoy descendiente de pioneros\u00bb, cont\u00f3 Arce sobre su familia, y las palabras de Elisa emocionan y me hacen recordar mi historia familiar y la de muchos de nosotros, de como nuestros abuelos, nuestros padres han sembrado nuestra Provincia con el ejemplo, haciendo que Misiones sea muy distinta al resto del pa\u00eds, a los vaivenes econ\u00f3micos, pol\u00edticos y sociales, ac\u00e1 los misioneros hacemos lo nuestro, trabajamos por el bienestar para la poblaci\u00f3n.\u00bb Concluy\u00f3 Arce.<\/p>\n\n\n\n<p>Estuvieron presentes junto al vicegobernador Carlos Arce y el intendente local V\u00edctor Vogel, de Capiov\u00ed Alejandro Arnhold, Puerto Leoni Fabio Cano, Garuhap\u00e9 Gerardo Schmit, Puerto Rico Carlos Koth y representantes de la comunidad.<\/p>\n\n\n\n<p>El municipio de Ruiz de Montoya atraviesa una semana de actividades en un hecho sin precedentes, gracias a su proceso de reivindicaci\u00f3n hist\u00f3rica conmemora su 103 aniversario.<\/p>\n\n\n\n<p>Tras la aprobaci\u00f3n en C\u00e1mara de Representantes de la Provincia de Misiones, se estableci\u00f3 por ordenanza mantener la fecha 11 de agosto, pero se modific\u00f3 el a\u00f1o y se remonta al 1919 con la llegada de los primeros inmigrantes.<\/p>\n\n\n\n<p>Por tal motivo, en la comuna se prepararon varias actividades para conmemorar este acontecimiento.<\/p>\n\n\n\n<p>Exposiciones literarias, el descubrimiento del Hito Fundacional de Ruiz de Montoya, ubicado al costado de la Ruta Provincial 223, el cual representa la llegada de los primeros habitantes y espect\u00e1culos art\u00edsticos para el disfrute de su comunidad.<\/p>\n","protected":false},"excerpt":{"rendered":"<p>El vicegobernador Dr. Carlos Arce presidi&oacute; el 103&deg; Aniversario de Ru&iacute;z de Montoya en una ceremonia colmada de emoci&oacute;n junto a la comunidad. Ru&iacute;z de Montoya. El vicegobernador Dr. Carlos&hellip; <\/p>\n","protected":false},"author":3,"featured_media":809,"comment_status":"closed","ping_status":"open","sticky":false,"template":"","format":"standard","meta":{"_monsterinsights_skip_tracking":false,"_monsterinsights_sitenote_active":false,"_monsterinsights_sitenote_note":"","_monsterinsights_sitenote_category":0},"categories":[3],"tags":[],"aioseo_notices":[],"_links":{"self":[{"href":"https:\/\/radionewsmisiones.ar\/site\/wp-json\/wp\/v2\/posts\/807"}],"collection":[{"href":"https:\/\/radionewsmisiones.ar\/site\/wp-json\/wp\/v2\/posts"}],"about":[{"href":"https:\/\/radionewsmisiones.ar\/site\/wp-json\/wp\/v2\/types\/post"}],"author":[{"embeddable":true,"href":"https:\/\/radionewsmisiones.ar\/site\/wp-json\/wp\/v2\/users\/3"}],"replies":[{"embeddable":true,"href":"https:\/\/radionewsmisiones.ar\/site\/wp-json\/wp\/v2\/comments?post=807"}],"version-history":[{"count":1,"href":"https:\/\/radionewsmisiones.ar\/site\/wp-json\/wp\/v2\/posts\/807\/revisions"}],"predecessor-version":[{"id":810,"href":"https:\/\/radionewsmisiones.ar\/site\/wp-json\/wp\/v2\/posts\/807\/revisions\/810"}],"wp:featuredmedia":[{"embeddable":true,"href":"https:\/\/radionewsmisiones.ar\/site\/wp-json\/wp\/v2\/media\/809"}],"wp:attachment":[{"href":"https:\/\/radionewsmisiones.ar\/site\/wp-json\/wp\/v2\/media?parent=807"}],"wp:term":[{"taxonomy":"category","embeddable":true,"href":"https:\/\/radionewsmisiones.ar\/site\/wp-json\/wp\/v2\/categories?post=807"},{"taxonomy":"post_tag","embeddable":true,"href":"https:\/\/radionewsmisiones.ar\/site\/wp-json\/wp\/v2\/tags?post=807"}],"curies":[{"name":"wp","href":"https:\/\/api.w.org\/{rel}","templated":true}]}}