{"id":8087,"date":"2023-05-02T17:49:34","date_gmt":"2023-05-02T20:49:34","guid":{"rendered":"https:\/\/radionewsmisiones.ar\/site\/?p=8087"},"modified":"2023-05-02T17:49:39","modified_gmt":"2023-05-02T20:49:39","slug":"eco-bicis-se-incorporaron-nuevas-bicicletas-adaptadas","status":"publish","type":"post","link":"https:\/\/radionewsmisiones.ar\/site\/provinciales\/eco-bicis-se-incorporaron-nuevas-bicicletas-adaptadas\/","title":{"rendered":"Eco Bicis: se incorporaron nuevas bicicletas adaptadas"},"content":{"rendered":"\n<p>El municipio ha tomado medidas para fomentar la inclusi\u00f3n social, y una de ellas ha sido la incorporaci\u00f3n de bicicletas adaptadas para personas con discapacidad. Estas permitir\u00e1n a los usuarios disfrutar de un paseo recreativo a lo largo de las Costaneras Este y Oeste de manera gratuita, presentando solamente su DNI.<\/p>\n\n\n\n<figure class=\"wp-block-image size-large\"><img loading=\"lazy\" width=\"1024\" height=\"768\" src=\"https:\/\/radionewsmisiones.ar\/site\/wp-content\/uploads\/2023\/05\/WhatsApp-Image-2023-05-02-at-11.54.27-1024x768.jpeg\" alt=\"\" class=\"wp-image-8088\" srcset=\"https:\/\/radionewsmisiones.ar\/site\/wp-content\/uploads\/2023\/05\/WhatsApp-Image-2023-05-02-at-11.54.27-1024x768.jpeg 1024w, https:\/\/radionewsmisiones.ar\/site\/wp-content\/uploads\/2023\/05\/WhatsApp-Image-2023-05-02-at-11.54.27-300x225.jpeg 300w, https:\/\/radionewsmisiones.ar\/site\/wp-content\/uploads\/2023\/05\/WhatsApp-Image-2023-05-02-at-11.54.27-768x576.jpeg 768w, https:\/\/radionewsmisiones.ar\/site\/wp-content\/uploads\/2023\/05\/WhatsApp-Image-2023-05-02-at-11.54.27.jpeg 1280w\" sizes=\"(max-width: 1024px) 100vw, 1024px\" \/><\/figure>\n\n\n\n<p>Adem\u00e1s de los rodados convencionales, se encuentran estas nuevas bicicletas adaptadas que ofrecen una opci\u00f3n para la pr\u00e1ctica de actividades f\u00edsicas y todos los beneficios que brindan los h\u00e1bitos saludables. Las llamadas \u00abHandbike\u00bb est\u00e1n dise\u00f1adas para personas con discapacidad motriz en las extremidades inferiores, y se manejan mediante tracci\u00f3n manual generada por el usuario. Tambi\u00e9n se han incluido las bicicletas dobles, conocidas como \u00abTandem\u00bb, que est\u00e1n destinadas a personas con discapacidad visual o ciegas y se conducen a trav\u00e9s de la colaboraci\u00f3n entre el beneficiario y el gu\u00eda que lo acompa\u00f1e.<\/p>\n\n\n\n<p>Las bicicletas convencionales y las adaptadas est\u00e1n disponibles en las bases de El Brete y el cuarto tramo de la Costanera. El cuarto tramo est\u00e1 abierto de lunes a domingo, de 7:00 a 12:00 y de 16:00 a 21:00. En tanto, en El Brete y la Base del Acceso Oeste, la atenci\u00f3n es de mi\u00e9rcoles a domingos de 7:00 a 12:00 y de 15:00 a 20:00.<\/p>\n\n\n\n<p>Se prev\u00e9 la incorporaci\u00f3n de m\u00e1s bicicletas adaptadas en el futuro para poder extender este servicio a un mayor n\u00famero de usuarios.<\/p>\n","protected":false},"excerpt":{"rendered":"<p>El municipio ha tomado medidas para fomentar la inclusi&oacute;n social, y una de ellas ha sido la incorporaci&oacute;n de bicicletas adaptadas para personas con discapacidad. Estas permitir&aacute;n a los usuarios&hellip; <\/p>\n","protected":false},"author":3,"featured_media":8089,"comment_status":"closed","ping_status":"open","sticky":false,"template":"","format":"standard","meta":{"_monsterinsights_skip_tracking":false,"_monsterinsights_sitenote_active":false,"_monsterinsights_sitenote_note":"","_monsterinsights_sitenote_category":0},"categories":[3],"tags":[22],"aioseo_notices":[],"_links":{"self":[{"href":"https:\/\/radionewsmisiones.ar\/site\/wp-json\/wp\/v2\/posts\/8087"}],"collection":[{"href":"https:\/\/radionewsmisiones.ar\/site\/wp-json\/wp\/v2\/posts"}],"about":[{"href":"https:\/\/radionewsmisiones.ar\/site\/wp-json\/wp\/v2\/types\/post"}],"author":[{"embeddable":true,"href":"https:\/\/radionewsmisiones.ar\/site\/wp-json\/wp\/v2\/users\/3"}],"replies":[{"embeddable":true,"href":"https:\/\/radionewsmisiones.ar\/site\/wp-json\/wp\/v2\/comments?post=8087"}],"version-history":[{"count":1,"href":"https:\/\/radionewsmisiones.ar\/site\/wp-json\/wp\/v2\/posts\/8087\/revisions"}],"predecessor-version":[{"id":8090,"href":"https:\/\/radionewsmisiones.ar\/site\/wp-json\/wp\/v2\/posts\/8087\/revisions\/8090"}],"wp:featuredmedia":[{"embeddable":true,"href":"https:\/\/radionewsmisiones.ar\/site\/wp-json\/wp\/v2\/media\/8089"}],"wp:attachment":[{"href":"https:\/\/radionewsmisiones.ar\/site\/wp-json\/wp\/v2\/media?parent=8087"}],"wp:term":[{"taxonomy":"category","embeddable":true,"href":"https:\/\/radionewsmisiones.ar\/site\/wp-json\/wp\/v2\/categories?post=8087"},{"taxonomy":"post_tag","embeddable":true,"href":"https:\/\/radionewsmisiones.ar\/site\/wp-json\/wp\/v2\/tags?post=8087"}],"curies":[{"name":"wp","href":"https:\/\/api.w.org\/{rel}","templated":true}]}}