{"id":8112,"date":"2023-05-03T08:29:18","date_gmt":"2023-05-03T11:29:18","guid":{"rendered":"https:\/\/radionewsmisiones.ar\/site\/?p=8112"},"modified":"2023-05-03T08:29:23","modified_gmt":"2023-05-03T11:29:23","slug":"se-llevo-a-cabo-el-lanzamiento-del-plan-de-salud-integral-si-mujer","status":"publish","type":"post","link":"https:\/\/radionewsmisiones.ar\/site\/provinciales\/se-llevo-a-cabo-el-lanzamiento-del-plan-de-salud-integral-si-mujer\/","title":{"rendered":"Se llevo a cabo el lanzamiento del Plan de Salud Integral Si Mujer"},"content":{"rendered":"\n<p>El Ministerio de Salud P\u00fablica de Misiones present\u00f3 hoy el Programa de Salud Integral Si Mujer, con el objetivo de promover el acceso a la atenci\u00f3n sanitaria en forma integral. Estar\u00e1 bajo la \u00f3rbita de la Subsecretaria de Articulaci\u00f3n Interministerial e Integraci\u00f3n de Sistemas.<\/p>\n\n\n\n<figure class=\"wp-block-image size-full\"><img loading=\"lazy\" width=\"800\" height=\"534\" src=\"https:\/\/radionewsmisiones.ar\/site\/wp-content\/uploads\/2023\/05\/Presentacion-SiMujer-3.jpg\" alt=\"\" class=\"wp-image-8113\" srcset=\"https:\/\/radionewsmisiones.ar\/site\/wp-content\/uploads\/2023\/05\/Presentacion-SiMujer-3.jpg 800w, https:\/\/radionewsmisiones.ar\/site\/wp-content\/uploads\/2023\/05\/Presentacion-SiMujer-3-300x200.jpg 300w, https:\/\/radionewsmisiones.ar\/site\/wp-content\/uploads\/2023\/05\/Presentacion-SiMujer-3-768x513.jpg 768w\" sizes=\"(max-width: 800px) 100vw, 800px\" \/><\/figure>\n\n\n\n<p><br>Desde Si Mujer se abordar\u00e1n tem\u00e1ticas como educaci\u00f3n sexual, prevenci\u00f3n de embarazos no intencionales, planificaci\u00f3n familiar, prevenci\u00f3n de enfermedades, controles mamogr\u00e1ficos, PAP, lactancia materna, entre otros.<\/p>\n\n\n\n<p><br>En esta primera etapa se trabajar\u00e1 en la implantaci\u00f3n de 1.500 dispositivos intrauterinos para nuestras mujeres misioneras. Se aplicar\u00e1n en operativos previamente coordinados con la subsecretaria. Quienes est\u00e9n interesadas en acceder a la atenci\u00f3n del Plan de Salud Integral Si Mujer se deber\u00e1n comunicar a trav\u00e9s del siguiente mail simujer.misiones@gmail.com o 3765-067589.<\/p>\n\n\n\n<p><\/p>\n\n\n\n<p>En la presentaci\u00f3n, el Ministro de Salud P\u00fablica, Oscar Alarc\u00f3n remarc\u00f3 que \u201cSi Mujer \u201cacompa\u00f1ar\u00e1 de forma transversal al Plan de Salud Integral SIMisiones, que vienen acercando la atenci\u00f3n primaria en cada rinc\u00f3n de la provincia. \u201cEstamos iniciando con la colocaci\u00f3n de DIU de alta calidad para todas las misioneras que se encuentren en una edad f\u00e9rtil pudiendo acceder al mismo de forma gratuita y segura\u201d<\/p>\n\n\n\n<p><br>Por su parte, la Subsecretaria de Articulaci\u00f3n Interministerial e Integraci\u00f3n de Sistemas, Alejandra Yel\u00e9n Ledesma cont\u00f3 que desde la Subsecretaria desde hace un a\u00f1o se viene trabajando en un relevamiento en distintos barrios de la provincia, con el objetivo elaborar pol\u00edticas p\u00fablicas de aplicaci\u00f3n en materia de salud para toda la poblaci\u00f3n. \u201cAnte la demanda de nuestras mujeres sobre temas relacionados a planificaci\u00f3n familiar, salud sexual, controles de salud (PAPS, mamograf\u00edas) hemos trabajando en este programa para brindar atenci\u00f3n a nuestras mujeres, no s\u00f3lo con recursos, sino tambi\u00e9n herramientas propias para poder desarrollar su bienestar y sostenerlo\u201d, remarc\u00f3. <\/p>\n\n\n\n<p><br>El diputado provincial, Jorge Mart\u00edn Cesino a\u00f1adi\u00f3 por su parte, que el mismo busca \u201cgarantizar accesibilidad, equidad e igualdad para todas las mujeres de la provincia de Misiones\u201d.<br>Acompa\u00f1aron a Alarc\u00f3n y Ledesma, la Ministra de Trabajo, Silvana Gim\u00e9nez, los Subsecretarios de Gesti\u00f3n Administrativa y Financiera, Eva Mar\u00eda Bel\u00e9n Gregori, de Apoyo y Log\u00edstica, Carlos B\u00e1ez, de Atenci\u00f3n Primaria y Salud Ambiental, Danielo Rom\u00e1n Silva, de Salud, H\u00e9ctor Proeza y de Recursos Humanos y Planificaci\u00f3n Rodolfo Fern\u00e1ndez Sosa, integrantes de la Subsecretaria de Articulaci\u00f3n Interministerial e Integraci\u00f3n de Sistemas, la responsable del Programa de Salud Sexual y Salud<br>Reproductiva, Norma Mi\u00f1o, el coordinador de Gabinete, Eduardo Ram\u00edrez y dem\u00e1s funcionarios.<\/p>\n","protected":false},"excerpt":{"rendered":"<p>El Ministerio de Salud P&uacute;blica de Misiones present&oacute; hoy el Programa de Salud Integral Si Mujer, con el objetivo de promover el acceso a la atenci&oacute;n sanitaria en forma integral.&hellip; <\/p>\n","protected":false},"author":3,"featured_media":8114,"comment_status":"closed","ping_status":"open","sticky":false,"template":"","format":"standard","meta":{"_monsterinsights_skip_tracking":false,"_monsterinsights_sitenote_active":false,"_monsterinsights_sitenote_note":"","_monsterinsights_sitenote_category":0},"categories":[3],"tags":[19],"aioseo_notices":[],"_links":{"self":[{"href":"https:\/\/radionewsmisiones.ar\/site\/wp-json\/wp\/v2\/posts\/8112"}],"collection":[{"href":"https:\/\/radionewsmisiones.ar\/site\/wp-json\/wp\/v2\/posts"}],"about":[{"href":"https:\/\/radionewsmisiones.ar\/site\/wp-json\/wp\/v2\/types\/post"}],"author":[{"embeddable":true,"href":"https:\/\/radionewsmisiones.ar\/site\/wp-json\/wp\/v2\/users\/3"}],"replies":[{"embeddable":true,"href":"https:\/\/radionewsmisiones.ar\/site\/wp-json\/wp\/v2\/comments?post=8112"}],"version-history":[{"count":1,"href":"https:\/\/radionewsmisiones.ar\/site\/wp-json\/wp\/v2\/posts\/8112\/revisions"}],"predecessor-version":[{"id":8115,"href":"https:\/\/radionewsmisiones.ar\/site\/wp-json\/wp\/v2\/posts\/8112\/revisions\/8115"}],"wp:featuredmedia":[{"embeddable":true,"href":"https:\/\/radionewsmisiones.ar\/site\/wp-json\/wp\/v2\/media\/8114"}],"wp:attachment":[{"href":"https:\/\/radionewsmisiones.ar\/site\/wp-json\/wp\/v2\/media?parent=8112"}],"wp:term":[{"taxonomy":"category","embeddable":true,"href":"https:\/\/radionewsmisiones.ar\/site\/wp-json\/wp\/v2\/categories?post=8112"},{"taxonomy":"post_tag","embeddable":true,"href":"https:\/\/radionewsmisiones.ar\/site\/wp-json\/wp\/v2\/tags?post=8112"}],"curies":[{"name":"wp","href":"https:\/\/api.w.org\/{rel}","templated":true}]}}